{"id":6047,"date":"2022-02-15T23:15:25","date_gmt":"2022-02-16T02:15:25","guid":{"rendered":"http:\/\/magistradoscorrientes.com\/magistrados\/?p=6047"},"modified":"2022-02-15T23:17:14","modified_gmt":"2022-02-16T02:17:14","slug":"importante-reunion-con-el-colegio-de-abogados-para-analizar-problematicas-comunes","status":"publish","type":"post","link":"https:\/\/magistradoscorrientes.com\/magistrados\/importante-reunion-con-el-colegio-de-abogados-para-analizar-problematicas-comunes\/","title":{"rendered":"Importante reuni\u00f3n con el Colegio de Abogados para analizar problem\u00e1ticas comunes"},"content":{"rendered":"\n<p>En la tarde de hoy representantes del Colegio de Abogados de la Primera Circunscripci\u00f3n Judicial visitaron la sede de nuestro Colegio, invitados por nuestra Comisi\u00f3n Directiva.<\/p>\n\n\n\n<p>\u2705 La reuni\u00f3n se desarroll\u00f3 en un clima de cordialidad y en ella se abordaron aspectos de la tarea judicial que inciden directamente en la actividad profesional, teniendo en miras contribuir a mejorar el servicio de justicia.<\/p>\n\n\n\n<p>\u2705 Los profesionales plantearon su preocupaci\u00f3n por la implementaci\u00f3n de los nuevos c\u00f3digos procesales, se\u00f1alando la necesidad de que se unifiquen criterios de actuaci\u00f3n en los distintos juzgados y dependencias judiciales. Tambi\u00e9n manifestaron inquietud por la mora judicial y la necesidad de priorizar las decisiones en materia de honorarios profesionales.<\/p>\n\n\n\n<figure class=\"wp-block-gallery columns-3 is-cropped\"><ul class=\"blocks-gallery-grid\"><li class=\"blocks-gallery-item\"><figure><img loading=\"lazy\" width=\"900\" height=\"600\" src=\"http:\/\/magistradoscorrientes.com\/magistrados\/wp-content\/uploads\/2022\/02\/DSC_0016.jpg\" alt=\"\" data-id=\"6052\" data-full-url=\"http:\/\/magistradoscorrientes.com\/magistrados\/wp-content\/uploads\/2022\/02\/DSC_0016.jpg\" data-link=\"http:\/\/magistradoscorrientes.com\/magistrados\/?attachment_id=6052\" class=\"wp-image-6052\" srcset=\"https:\/\/magistradoscorrientes.com\/magistrados\/wp-content\/uploads\/2022\/02\/DSC_0016.jpg 900w, https:\/\/magistradoscorrientes.com\/magistrados\/wp-content\/uploads\/2022\/02\/DSC_0016-300x200.jpg 300w, https:\/\/magistradoscorrientes.com\/magistrados\/wp-content\/uploads\/2022\/02\/DSC_0016-768x512.jpg 768w, https:\/\/magistradoscorrientes.com\/magistrados\/wp-content\/uploads\/2022\/02\/DSC_0016-391x260.jpg 391w, https:\/\/magistradoscorrientes.com\/magistrados\/wp-content\/uploads\/2022\/02\/DSC_0016-600x400.jpg 600w\" sizes=\"(max-width: 900px) 100vw, 900px\" \/><\/figure><\/li><li class=\"blocks-gallery-item\"><figure><img loading=\"lazy\" width=\"800\" height=\"533\" src=\"http:\/\/magistradoscorrientes.com\/magistrados\/wp-content\/uploads\/2022\/02\/DSC_0003.jpg\" alt=\"\" data-id=\"6048\" data-full-url=\"http:\/\/magistradoscorrientes.com\/magistrados\/wp-content\/uploads\/2022\/02\/DSC_0003.jpg\" data-link=\"http:\/\/magistradoscorrientes.com\/magistrados\/?attachment_id=6048\" class=\"wp-image-6048\" srcset=\"https:\/\/magistradoscorrientes.com\/magistrados\/wp-content\/uploads\/2022\/02\/DSC_0003.jpg 800w, https:\/\/magistradoscorrientes.com\/magistrados\/wp-content\/uploads\/2022\/02\/DSC_0003-300x200.jpg 300w, https:\/\/magistradoscorrientes.com\/magistrados\/wp-content\/uploads\/2022\/02\/DSC_0003-768x512.jpg 768w, https:\/\/magistradoscorrientes.com\/magistrados\/wp-content\/uploads\/2022\/02\/DSC_0003-391x260.jpg 391w, https:\/\/magistradoscorrientes.com\/magistrados\/wp-content\/uploads\/2022\/02\/DSC_0003-600x400.jpg 600w\" sizes=\"(max-width: 800px) 100vw, 800px\" \/><\/figure><\/li><li class=\"blocks-gallery-item\"><figure><img loading=\"lazy\" width=\"900\" height=\"600\" src=\"http:\/\/magistradoscorrientes.com\/magistrados\/wp-content\/uploads\/2022\/02\/DSC_0006.jpg\" alt=\"\" data-id=\"6049\" data-full-url=\"http:\/\/magistradoscorrientes.com\/magistrados\/wp-content\/uploads\/2022\/02\/DSC_0006.jpg\" data-link=\"http:\/\/magistradoscorrientes.com\/magistrados\/?attachment_id=6049\" class=\"wp-image-6049\" srcset=\"https:\/\/magistradoscorrientes.com\/magistrados\/wp-content\/uploads\/2022\/02\/DSC_0006.jpg 900w, https:\/\/magistradoscorrientes.com\/magistrados\/wp-content\/uploads\/2022\/02\/DSC_0006-300x200.jpg 300w, https:\/\/magistradoscorrientes.com\/magistrados\/wp-content\/uploads\/2022\/02\/DSC_0006-768x512.jpg 768w, https:\/\/magistradoscorrientes.com\/magistrados\/wp-content\/uploads\/2022\/02\/DSC_0006-391x260.jpg 391w, https:\/\/magistradoscorrientes.com\/magistrados\/wp-content\/uploads\/2022\/02\/DSC_0006-600x400.jpg 600w\" sizes=\"(max-width: 900px) 100vw, 900px\" \/><\/figure><\/li><li class=\"blocks-gallery-item\"><figure><img loading=\"lazy\" width=\"900\" height=\"600\" src=\"http:\/\/magistradoscorrientes.com\/magistrados\/wp-content\/uploads\/2022\/02\/DSC_0024.jpg\" alt=\"\" data-id=\"6054\" data-full-url=\"http:\/\/magistradoscorrientes.com\/magistrados\/wp-content\/uploads\/2022\/02\/DSC_0024.jpg\" data-link=\"http:\/\/magistradoscorrientes.com\/magistrados\/?attachment_id=6054\" class=\"wp-image-6054\" srcset=\"https:\/\/magistradoscorrientes.com\/magistrados\/wp-content\/uploads\/2022\/02\/DSC_0024.jpg 900w, https:\/\/magistradoscorrientes.com\/magistrados\/wp-content\/uploads\/2022\/02\/DSC_0024-300x200.jpg 300w, https:\/\/magistradoscorrientes.com\/magistrados\/wp-content\/uploads\/2022\/02\/DSC_0024-768x512.jpg 768w, https:\/\/magistradoscorrientes.com\/magistrados\/wp-content\/uploads\/2022\/02\/DSC_0024-391x260.jpg 391w, https:\/\/magistradoscorrientes.com\/magistrados\/wp-content\/uploads\/2022\/02\/DSC_0024-600x400.jpg 600w\" sizes=\"(max-width: 900px) 100vw, 900px\" \/><\/figure><\/li><\/ul><\/figure>\n\n\n\n<p>\u2705 Ambas instituciones acordaron una activa interacci\u00f3n para proponer mejores pr\u00e1cticas y la formaci\u00f3n de una Mesa de trabajo conjunta para el tratamiento de tem\u00e1ticas comunes.<\/p>\n\n\n\n<p>\u2705Durante la conversaci\u00f3n, se coincidi\u00f3 en la preocupaci\u00f3n por el recorte del presupuesto del Poder Judicial y en la necesidad de revalorizar los recursos humanos para brindar mayor celeridad al servicio.<\/p>\n\n\n\n<p>\ud83d\udde3 La doctora Luz Masferrer indic\u00f3 que \u00abel objetivo principal de la reuni\u00f3n fue fortalecer los v\u00ednculos institucionales entre ambos Colegios y adem\u00e1s trabajar en conjunto para mejorar el servicio de justicia. Estuvimos de acuerdo en realizar actividades de capacitaci\u00f3n conjuntas sobre temas de inter\u00e9s profesional y acad\u00e9micos\u2019\u2019.<\/p>\n\n\n\n<p>\u2705 El encuentro ha sido positivo y se espera continuar trabajando en el sentido expresado, de cara a la digitalizaci\u00f3n y a los nuevos procesos, en beneficio de los justiciables.<\/p>\n\n\n\n<figure class=\"wp-block-image size-large\"><img loading=\"lazy\" width=\"900\" height=\"600\" src=\"http:\/\/magistradoscorrientes.com\/magistrados\/wp-content\/uploads\/2022\/02\/DSC_0021.jpg\" alt=\"\" class=\"wp-image-6053\" srcset=\"https:\/\/magistradoscorrientes.com\/magistrados\/wp-content\/uploads\/2022\/02\/DSC_0021.jpg 900w, https:\/\/magistradoscorrientes.com\/magistrados\/wp-content\/uploads\/2022\/02\/DSC_0021-300x200.jpg 300w, https:\/\/magistradoscorrientes.com\/magistrados\/wp-content\/uploads\/2022\/02\/DSC_0021-768x512.jpg 768w, https:\/\/magistradoscorrientes.com\/magistrados\/wp-content\/uploads\/2022\/02\/DSC_0021-391x260.jpg 391w, https:\/\/magistradoscorrientes.com\/magistrados\/wp-content\/uploads\/2022\/02\/DSC_0021-600x400.jpg 600w\" sizes=\"(max-width: 900px) 100vw, 900px\" \/><\/figure>\n\n\n\n<p>\ud83d\udc65 Acompa\u00f1aron a nuestra Presidente, los doctores Diego Nu\u00f1ez Huel, Mar\u00eda Jos\u00e9 Barrero, Liliana Pasetto, Claudia Kirchhof, H\u00e9ctor Rodrigo Orrant\u00eda, Nicol\u00e1s Bonastre, Mar\u00eda Constanza Waisblatt, Mar\u00eda Yerut\u00ed Rueda C\u00e1ngaro, Mirta Ram\u00edrez Barrios, Fanny Romano y Alicia Porfirio.<\/p>\n\n\n\n<p>Por parte del Colegio de Abogados, acompa\u00f1aron a su Presidente, Doctor Jos\u00e9 Cotelo, el Vicepresidente doctor Facundo Leguizam\u00f3n, el Secretario Doctor Arturo Go\u00f1alons, el Tesorero doctor Juan Manuel Bobadilla, y el titular de J\u00f3venes Abogados, Dr. Juan Pablo Reinafe.<\/p>\n","protected":false},"excerpt":{"rendered":"<p>En la tarde de hoy representantes del Colegio de Abogados de la Primera Circunscripci\u00f3n Judicial visitaron la sede de nuestro Colegio, invitados por nuestra Comisi\u00f3n Directiva. \u2705 La reuni\u00f3n se desarroll\u00f3 en un clima de cordialidad y en ella se abordaron aspectos de la tarea judicial que inciden directamente en la actividad profesional, teniendo en miras contribuir a mejorar el [&hellip;]<\/p>\n","protected":false},"author":2,"featured_media":6054,"comment_status":"closed","ping_status":"open","sticky":false,"template":"","format":"standard","meta":{"ngg_post_thumbnail":0},"categories":[13],"tags":[],"_links":{"self":[{"href":"https:\/\/magistradoscorrientes.com\/magistrados\/wp-json\/wp\/v2\/posts\/6047"}],"collection":[{"href":"https:\/\/magistradoscorrientes.com\/magistrados\/wp-json\/wp\/v2\/posts"}],"about":[{"href":"https:\/\/magistradoscorrientes.com\/magistrados\/wp-json\/wp\/v2\/types\/post"}],"author":[{"embeddable":true,"href":"https:\/\/magistradoscorrientes.com\/magistrados\/wp-json\/wp\/v2\/users\/2"}],"replies":[{"embeddable":true,"href":"https:\/\/magistradoscorrientes.com\/magistrados\/wp-json\/wp\/v2\/comments?post=6047"}],"version-history":[{"count":3,"href":"https:\/\/magistradoscorrientes.com\/magistrados\/wp-json\/wp\/v2\/posts\/6047\/revisions"}],"predecessor-version":[{"id":6057,"href":"https:\/\/magistradoscorrientes.com\/magistrados\/wp-json\/wp\/v2\/posts\/6047\/revisions\/6057"}],"wp:featuredmedia":[{"embeddable":true,"href":"https:\/\/magistradoscorrientes.com\/magistrados\/wp-json\/wp\/v2\/media\/6054"}],"wp:attachment":[{"href":"https:\/\/magistradoscorrientes.com\/magistrados\/wp-json\/wp\/v2\/media?parent=6047"}],"wp:term":[{"taxonomy":"category","embeddable":true,"href":"https:\/\/magistradoscorrientes.com\/magistrados\/wp-json\/wp\/v2\/categories?post=6047"},{"taxonomy":"post_tag","embeddable":true,"href":"https:\/\/magistradoscorrientes.com\/magistrados\/wp-json\/wp\/v2\/tags?post=6047"}],"curies":[{"name":"wp","href":"https:\/\/api.w.org\/{rel}","templated":true}]}}