{"id":6085,"date":"2022-02-21T12:33:08","date_gmt":"2022-02-21T15:33:08","guid":{"rendered":"http:\/\/magistradoscorrientes.com\/magistrados\/?p=6085"},"modified":"2022-02-21T12:33:08","modified_gmt":"2022-02-21T15:33:08","slug":"i-concurso-de-fotografia-tema-mujeres-diversas-derribando-estereotipos","status":"publish","type":"post","link":"https:\/\/magistradoscorrientes.com\/magistrados\/i-concurso-de-fotografia-tema-mujeres-diversas-derribando-estereotipos\/","title":{"rendered":"I\u00b0 Concurso de Fotograf\u00eda: Tema: \u201cMujeres diversas. Derribando estereotipos\u201d"},"content":{"rendered":"\n<p>\ud83d\udccc D\u00eda internacional de la mujer 2022. \ud83d\udce3 I\u00b0 Concurso de Fotograf\u00eda: Tema: \u201cMujeres diversas. Derribando estereotipos\u201d<\/p>\n\n\n\n<p>\ud83d\udcc5 Convocatoria: del 18\/02 al 04\/03\/2022<\/p>\n\n\n\n<p>\ud83d\udccc Bases y condiciones: Cada participante podr\u00e1 enviar entre 1 y 3 fotos digitales (peso m\u00e1ximo hasta 3MB.) a: salonfederal@fam.org.ar. En cada email se debe adjuntar un documento en formato pdf que contenga la siguiente informaci\u00f3n: Nombre de la\/ del autora\/or, lugar de residencia, fecha de nacimiento, t\u00edtulo y a\u00f1o de la toma.<\/p>\n\n\n\n<p>\ud83d\udccc Las\/os autoras\/es dan su expreso consentimiento para que las fotos seleccionadas se impriman y sean expuestas en el Sal\u00f3n de la FAM y en las redes sociales y sitio web de la instituci\u00f3n.<\/p>\n\n\n\n<p>\u26a0\ufe0f Importante: No se admitir\u00e1 ninguna fotograf\u00eda cuyos derechos de propiedad intelectual no pertenezcan \u00edntegramente y sin excepci\u00f3n a la persona participante del concurso. Las\/os participantes garantizan que las fotograf\u00edas presentadas al concurso son de su autor\u00eda y se hacen plenamente responsables de su contenido.<\/p>\n\n\n\n<p>Las\/os participantes se responsabilizar\u00e1n de que no existan derechos de terceras personas sobre sus obras. Para las fotograf\u00edas en las que aparezcan personas reconocibles (sean las mismas personas participantes en este concurso u otras ajenas al mismo), las\/os concursantes o personas cuya imagen personal se muestre, deber\u00e1n firmar una cesi\u00f3n de imagen y remitirla por correo electr\u00f3nico en el momento de env\u00edo de sus obras para participar en el concurso.<\/p>\n\n\n\n<p>Las personas participantes acuerdan mantener indemne a la Federaci\u00f3n Argentina de la Magistratura y de la Funci\u00f3n judicial de cualquier responsabilidad, p\u00e9rdida, coste o da\u00f1o que pudiera sufrir como resultado de reclamaciones, demandas o resoluciones judiciales o administrativas establecidas frente a la FAM en relaci\u00f3n con el incumplimiento de estos puntos por parte de las\/os participantes.<\/p>\n\n\n\n<p>\u25b6\ufe0f Jurado del concurso: Hugo Mirabal, Viviana Cingolani, Carlos Rearte.<\/p>\n\n\n\n<p>\u25b6\ufe0f Premios:<\/p>\n\n\n\n<p>1er. Premio: una Tablet<br>2do. Premio: una Webcam<\/p>\n\n\n\n<p>Adem\u00e1s, las\/los ganadoras\/es podr\u00e1n indicar alguna instituci\u00f3n relacionada a la tem\u00e1tica del presente concurso para que FAM realice la donaci\u00f3n de id\u00e9nticos premios a los que ellas\/os reciban.<\/p>\n\n\n\n<p>\ud83d\udd38 Los resultados se dar\u00e1n a conocer el d\u00eda 8 de marzo de 2022 a trav\u00e9s de las redes sociales de la FAM.<\/p>\n","protected":false},"excerpt":{"rendered":"<p>\ud83d\udccc D\u00eda internacional de la mujer 2022. \ud83d\udce3 I\u00b0 Concurso de Fotograf\u00eda: Tema: \u201cMujeres diversas. Derribando estereotipos\u201d \ud83d\udcc5 Convocatoria: del 18\/02 al 04\/03\/2022 \ud83d\udccc Bases y condiciones: Cada participante podr\u00e1 enviar entre 1 y 3 fotos digitales (peso m\u00e1ximo hasta 3MB.) a: salonfederal@fam.org.ar. En cada email se debe adjuntar un documento en formato pdf que contenga la siguiente informaci\u00f3n: Nombre [&hellip;]<\/p>\n","protected":false},"author":2,"featured_media":6086,"comment_status":"closed","ping_status":"open","sticky":false,"template":"","format":"standard","meta":{"ngg_post_thumbnail":0},"categories":[13],"tags":[],"_links":{"self":[{"href":"https:\/\/magistradoscorrientes.com\/magistrados\/wp-json\/wp\/v2\/posts\/6085"}],"collection":[{"href":"https:\/\/magistradoscorrientes.com\/magistrados\/wp-json\/wp\/v2\/posts"}],"about":[{"href":"https:\/\/magistradoscorrientes.com\/magistrados\/wp-json\/wp\/v2\/types\/post"}],"author":[{"embeddable":true,"href":"https:\/\/magistradoscorrientes.com\/magistrados\/wp-json\/wp\/v2\/users\/2"}],"replies":[{"embeddable":true,"href":"https:\/\/magistradoscorrientes.com\/magistrados\/wp-json\/wp\/v2\/comments?post=6085"}],"version-history":[{"count":1,"href":"https:\/\/magistradoscorrientes.com\/magistrados\/wp-json\/wp\/v2\/posts\/6085\/revisions"}],"predecessor-version":[{"id":6087,"href":"https:\/\/magistradoscorrientes.com\/magistrados\/wp-json\/wp\/v2\/posts\/6085\/revisions\/6087"}],"wp:featuredmedia":[{"embeddable":true,"href":"https:\/\/magistradoscorrientes.com\/magistrados\/wp-json\/wp\/v2\/media\/6086"}],"wp:attachment":[{"href":"https:\/\/magistradoscorrientes.com\/magistrados\/wp-json\/wp\/v2\/media?parent=6085"}],"wp:term":[{"taxonomy":"category","embeddable":true,"href":"https:\/\/magistradoscorrientes.com\/magistrados\/wp-json\/wp\/v2\/categories?post=6085"},{"taxonomy":"post_tag","embeddable":true,"href":"https:\/\/magistradoscorrientes.com\/magistrados\/wp-json\/wp\/v2\/tags?post=6085"}],"curies":[{"name":"wp","href":"https:\/\/api.w.org\/{rel}","templated":true}]}}