{"id":6092,"date":"2022-02-22T15:48:14","date_gmt":"2022-02-22T18:48:14","guid":{"rendered":"http:\/\/magistradoscorrientes.com\/magistrados\/?p=6092"},"modified":"2022-02-22T15:49:13","modified_gmt":"2022-02-22T18:49:13","slug":"resumen-de-cd-febrero-2022","status":"publish","type":"post","link":"https:\/\/magistradoscorrientes.com\/magistrados\/resumen-de-cd-febrero-2022\/","title":{"rendered":"Resumen de CD \u2013 Febrero 2022"},"content":{"rendered":"\n<p>El viernes 18 de febrero se llev\u00f3 a cabo la primer reuni\u00f3n de la nueva Comisi\u00f3n Directiva del Colegio de Magistrados y Funcionarios Poder Judicial de la Provincia de Corrientes, la que se desarroll\u00f3 en modalidad mixta (presencial y virtual) con participaci\u00f3n de los integrantes de comisi\u00f3n directiva y Asociados.<\/p>\n\n\n\n<p>Previo al tratamiento del orden del d\u00eda, se consider\u00f3 la problem\u00e1tica que est\u00e1 viviendo la Provincia de Corrientes en su amplia geograf\u00eda con motivo de los incendios. Se destac\u00f3 la labor de los Bomberos Voluntarios y se acord\u00f3 encarar una campa\u00f1a de recolecci\u00f3n de donaciones, y la provisi\u00f3n de elementos necesarios tanto en Capital como en el interior.<\/p>\n\n\n\n<p>La reuni\u00f3n comenz\u00f3 con el Informe de Presidencia, donde la doctora Luz Gabriela Masferrer dio a\u00a0conocer un pormenorizado detalle de notas presentadas, gestiones y actividades realizadas.\u00a0<\/p>\n\n\n\n<p>En ese sentido, se destac\u00f3 la reuni\u00f3n mantenida por los miembros de Comisi\u00f3n Directiva con sus pares del Colegio P\u00fablico de Abogados de la Primera Circunscripci\u00f3n Judicial de la Provincia de Corrientes. <em>\u00abFue muy productiva la reuni\u00f3n con el doctor Cotelo y los dem\u00e1s representantes de Abogados, y llegamos a un acuerdo de reunirnos una vez al mes para encarar iniciativas conjuntas que beneficien a nuestros asociados\u00bb<\/em>, resalt\u00f3 Masferrer.<\/p>\n\n\n\n<figure class=\"wp-block-image size-large\"><img loading=\"lazy\" width=\"1024\" height=\"768\" src=\"http:\/\/magistradoscorrientes.com\/magistrados\/wp-content\/uploads\/2022\/02\/IMG_4981-1024x768.jpeg\" alt=\"\" class=\"wp-image-6088\" srcset=\"https:\/\/magistradoscorrientes.com\/magistrados\/wp-content\/uploads\/2022\/02\/IMG_4981-1024x768.jpeg 1024w, https:\/\/magistradoscorrientes.com\/magistrados\/wp-content\/uploads\/2022\/02\/IMG_4981-300x225.jpeg 300w, https:\/\/magistradoscorrientes.com\/magistrados\/wp-content\/uploads\/2022\/02\/IMG_4981-768x576.jpeg 768w, https:\/\/magistradoscorrientes.com\/magistrados\/wp-content\/uploads\/2022\/02\/IMG_4981-1536x1152.jpeg 1536w, https:\/\/magistradoscorrientes.com\/magistrados\/wp-content\/uploads\/2022\/02\/IMG_4981-2048x1536.jpeg 2048w\" sizes=\"(max-width: 1024px) 100vw, 1024px\" \/><\/figure>\n\n\n\n<p>El punto uno incluy\u00f3 tambi\u00e9n la iniciativa de un\u00a0<em>\u00abPlan de Recuperaci\u00f3n del Salario\u00bb<\/em>\u00a0mediante v\u00edas de acci\u00f3n que posibiliten un incremento superador del porcentaje asignado, que queda atrasado con respecto a la inflaci\u00f3n prevista para el 2022, sumado al deterioro que vienen sufriendo las remuneraciones desde hace varios a\u00f1os. En ese aspecto, qued\u00f3 aprobado propiciar una reuni\u00f3n con los representantes del Sindicato de Trabajadores de la Justicia de Corrientes (SITRAJ) a fin de evaluar solicitudes conjuntas o coordinadas ante las autoridades, vinculadas con el mejoramiento de haberes.<\/p>\n\n\n\n<p>En materia de ofertas de capacitaci\u00f3n se mencion\u00f3 la invitaci\u00f3n del Club de Litigaci\u00f3n para auspiciar el curso \u00abEl rol del juez de garant\u00eda\u00bb que se realizar\u00e1 de manera virtual el d\u00eda 3 de marzo, como as\u00ed tambi\u00e9n la firma de convenio de cooperaci\u00f3n para brindar capacitaciones sobre estos temas.<\/p>\n\n\n\n<p>Tambi\u00e9n se hizo referencia al Taller de Comunicaci\u00f3n Judicial a organizarse pr\u00f3ximamente con el licenciado Kevin Lehmann, las medias becas de FAM para los interesados en la Maestr\u00eda en Mediaci\u00f3n Judicial y Litigaci\u00f3n de la UCA, al Curso de litigaci\u00f3n ofrecido por los Profesores Brussa y Martinez Reyes y Capacitaciones sobre diferentes temas: Grooming, Inteligencia artificial, Bulling, entre otros.\u00a0<\/p>\n\n\n\n<p>Asimismo, se comunic\u00f3 la posibilidad de firmar Convenio de cooperaci\u00f3n y asistencia acad\u00e9mica con la Escuela Superior de Estudios Jur\u00eddicos de la Universidad de Bolonia y el Instituto para el Desarrollo Constitucional, a fin de brindar ofertas de perfeccionamiento de alto nivel acad\u00e9mico, con importantes bonificaciones.<\/p>\n\n\n\n<p>En el punto dos, se aprob\u00f3 por unanimidad dar intervenci\u00f3n al Tribunal Electoral para la designaci\u00f3n de los representantes ante el Consejo de la Magistratura y Jurado de Enjuiciamiento, haci\u00e9ndose conocer las notas remitidas por el STJ que as\u00ed lo solicitan.<\/p>\n\n\n\n<p>El punto tres del orden del d\u00eda estuvo reservado a la formaci\u00f3n de Comisiones de Trabajo a fin de encarar diversos temas: \u00abSecretarios\u00bb, \u00abNi\u00f1ez, Adolescencia y Familia\u00bb, \u00abComisi\u00f3n de J\u00f3venes\u00bb, \u00abCapacitaciones\u00bb y \u00abJusticia de Paz\u00bb, invitando a los asociados a sumarse a las formadas, o proponer otras comisiones.<\/p>\n\n\n\n<figure class=\"wp-block-image size-large\"><img loading=\"lazy\" width=\"1024\" height=\"768\" src=\"http:\/\/magistradoscorrientes.com\/magistrados\/wp-content\/uploads\/2022\/02\/IMG_4980-1024x768.jpeg\" alt=\"\" class=\"wp-image-6089\" srcset=\"https:\/\/magistradoscorrientes.com\/magistrados\/wp-content\/uploads\/2022\/02\/IMG_4980-1024x768.jpeg 1024w, https:\/\/magistradoscorrientes.com\/magistrados\/wp-content\/uploads\/2022\/02\/IMG_4980-300x225.jpeg 300w, https:\/\/magistradoscorrientes.com\/magistrados\/wp-content\/uploads\/2022\/02\/IMG_4980-768x576.jpeg 768w, https:\/\/magistradoscorrientes.com\/magistrados\/wp-content\/uploads\/2022\/02\/IMG_4980-1536x1152.jpeg 1536w, https:\/\/magistradoscorrientes.com\/magistrados\/wp-content\/uploads\/2022\/02\/IMG_4980-2048x1536.jpeg 2048w\" sizes=\"(max-width: 1024px) 100vw, 1024px\" \/><\/figure>\n\n\n\n<p>El punto cuatro estuvo destinado al Ajuste de Subsidios y los nuevos valores el uso del Sal\u00f3n y el Quincho, los que se dar\u00e1n a conocer en la brevedad a trav\u00e9s de las diferentes v\u00edas de comunicaci\u00f3n con las que cuenta la Instituci\u00f3n.<\/p>\n\n\n\n<p>Durante el tratamiento de temas vinculados con los asociados del interior, se escucharon problem\u00e1ticas y necesidades de las diferentes circunscripciones, y recibieron el compromiso de la Comisi\u00f3n Directiva de encarar posibles soluciones.<\/p>\n","protected":false},"excerpt":{"rendered":"<p>El viernes 18 de febrero se llev\u00f3 a cabo la primer reuni\u00f3n de la nueva Comisi\u00f3n Directiva del Colegio de Magistrados y Funcionarios Poder Judicial de la Provincia de Corrientes, la que se desarroll\u00f3 en modalidad mixta (presencial y virtual) con participaci\u00f3n de los integrantes de comisi\u00f3n directiva y Asociados. Previo al tratamiento del orden del d\u00eda, se consider\u00f3 la [&hellip;]<\/p>\n","protected":false},"author":2,"featured_media":6089,"comment_status":"closed","ping_status":"open","sticky":false,"template":"","format":"standard","meta":{"ngg_post_thumbnail":0},"categories":[13,1],"tags":[],"_links":{"self":[{"href":"https:\/\/magistradoscorrientes.com\/magistrados\/wp-json\/wp\/v2\/posts\/6092"}],"collection":[{"href":"https:\/\/magistradoscorrientes.com\/magistrados\/wp-json\/wp\/v2\/posts"}],"about":[{"href":"https:\/\/magistradoscorrientes.com\/magistrados\/wp-json\/wp\/v2\/types\/post"}],"author":[{"embeddable":true,"href":"https:\/\/magistradoscorrientes.com\/magistrados\/wp-json\/wp\/v2\/users\/2"}],"replies":[{"embeddable":true,"href":"https:\/\/magistradoscorrientes.com\/magistrados\/wp-json\/wp\/v2\/comments?post=6092"}],"version-history":[{"count":1,"href":"https:\/\/magistradoscorrientes.com\/magistrados\/wp-json\/wp\/v2\/posts\/6092\/revisions"}],"predecessor-version":[{"id":6093,"href":"https:\/\/magistradoscorrientes.com\/magistrados\/wp-json\/wp\/v2\/posts\/6092\/revisions\/6093"}],"wp:featuredmedia":[{"embeddable":true,"href":"https:\/\/magistradoscorrientes.com\/magistrados\/wp-json\/wp\/v2\/media\/6089"}],"wp:attachment":[{"href":"https:\/\/magistradoscorrientes.com\/magistrados\/wp-json\/wp\/v2\/media?parent=6092"}],"wp:term":[{"taxonomy":"category","embeddable":true,"href":"https:\/\/magistradoscorrientes.com\/magistrados\/wp-json\/wp\/v2\/categories?post=6092"},{"taxonomy":"post_tag","embeddable":true,"href":"https:\/\/magistradoscorrientes.com\/magistrados\/wp-json\/wp\/v2\/tags?post=6092"}],"curies":[{"name":"wp","href":"https:\/\/api.w.org\/{rel}","templated":true}]}}