{"id":6094,"date":"2022-02-23T10:16:53","date_gmt":"2022-02-23T13:16:53","guid":{"rendered":"http:\/\/magistradoscorrientes.com\/magistrados\/?p=6094"},"modified":"2022-02-23T10:16:53","modified_gmt":"2022-02-23T13:16:53","slug":"pronunciamiento-de-la-fam-sobre-el-intento-de-modificar-el-regimen-especial-de-jubilaciones","status":"publish","type":"post","link":"https:\/\/magistradoscorrientes.com\/magistrados\/pronunciamiento-de-la-fam-sobre-el-intento-de-modificar-el-regimen-especial-de-jubilaciones\/","title":{"rendered":"Pronunciamiento de la FAM sobre el intento de modificar el R\u00e9gimen especial de Jubilaciones"},"content":{"rendered":"\n<p>La Federaci\u00f3n Argentina de la Magistratura y la Funci\u00f3n Judicial (FAM), entidad que nuclea a 16.700 magistradas\/os y funcionarias\/os de los sistemas judiciales de las 23 provincias y de CABA, debe expresar, una vez m\u00e1s, p\u00fablicamente su rechazo a un nuevo intento de modificar una ley que \u2013vale remarcarlo- ya fue modificada por este gobierno hace menos de dos\u2063 a\u00f1os.<\/p>\n\n\n\n<p>El r\u00e9gimen especial de jubilaci\u00f3n de la magistratura se sostiene con el aporte de sus integrantes \u2013durante 30 a\u00f1os, en un porcentaje ampliamente mayor al de los dem\u00e1s aportantes,\u2063 calcul\u00e1ndose su haber con el promedio de los \u00faltimos 10 a\u00f1os de aporte- por lo que su incidencia en las cuentas p\u00fablicas es insignificante.\u2063<\/p>\n\n\n\n<p>Por eso este r\u00e9gimen especial no es un privilegio sino el resultado de los a\u00f1os y los porcentajes aportados. No hay que perder de vista que el n\u00famero de aportantes al sistema es muy superior a la cantidad de jubiladas\/os y pensionadas\/os, lo que lo hace notoriamente sustentable.\u2063<\/p>\n\n\n\n<p>El r\u00e9gimen es especial como consecuencia de las incompatibilidades de magistradas\/os y funcionarias\/os con cualquier otra actividad econ\u00f3mica.\u2063<\/p>\n\n\n\n<p>Las consideraciones que se realizan implican un desconocimiento de las realidades de los sistemas judiciales de las justicias provinciales y de CABA. Se habla de salarios y jubilaciones\u2063 con cifras que en nada se asemejan a las que percibe la mayor\u00eda de quienes atienden el 85% de los conflictos judicializados del pa\u00eds. Se ataca al sistema judicial en un debate que s\u00f3lo pretende distraer la discusi\u00f3n de los verdaderos ejes del problema y de las medidas conducentes a\u2063 solucionarlo.\u2063<br>\u2063<br>La Federaci\u00f3n Argentina de la Magistratura y la Funci\u00f3n Judicial exhorta a los poderes del Estado y a todos los sectores pol\u00edticos a no debilitar, con iniciativas como esta, criterios b\u00e1sicos de todo estado constitucional de derecho, como el de la independencia judicial, y que son el resguardo de los derechos de la ciudadan\u00eda toda. La independencia judicial es una garant\u00eda\u2063 instituida en beneficio de la sociedad, y no un privilegio de los operadores judiciales.\u2063<br>\u2063<br>Ciudad Aut\u00f3noma de Buenos Aires, 22 de febrero de 2022<\/p>\n","protected":false},"excerpt":{"rendered":"<p>La Federaci\u00f3n Argentina de la Magistratura y la Funci\u00f3n Judicial (FAM), entidad que nuclea a 16.700 magistradas\/os y funcionarias\/os de los sistemas judiciales de las 23 provincias y de CABA, debe expresar, una vez m\u00e1s, p\u00fablicamente su rechazo a un nuevo intento de modificar una ley que \u2013vale remarcarlo- ya fue modificada por este gobierno hace menos de dos\u2063 a\u00f1os. [&hellip;]<\/p>\n","protected":false},"author":2,"featured_media":6096,"comment_status":"closed","ping_status":"open","sticky":false,"template":"","format":"standard","meta":{"ngg_post_thumbnail":0},"categories":[13],"tags":[],"_links":{"self":[{"href":"https:\/\/magistradoscorrientes.com\/magistrados\/wp-json\/wp\/v2\/posts\/6094"}],"collection":[{"href":"https:\/\/magistradoscorrientes.com\/magistrados\/wp-json\/wp\/v2\/posts"}],"about":[{"href":"https:\/\/magistradoscorrientes.com\/magistrados\/wp-json\/wp\/v2\/types\/post"}],"author":[{"embeddable":true,"href":"https:\/\/magistradoscorrientes.com\/magistrados\/wp-json\/wp\/v2\/users\/2"}],"replies":[{"embeddable":true,"href":"https:\/\/magistradoscorrientes.com\/magistrados\/wp-json\/wp\/v2\/comments?post=6094"}],"version-history":[{"count":1,"href":"https:\/\/magistradoscorrientes.com\/magistrados\/wp-json\/wp\/v2\/posts\/6094\/revisions"}],"predecessor-version":[{"id":6097,"href":"https:\/\/magistradoscorrientes.com\/magistrados\/wp-json\/wp\/v2\/posts\/6094\/revisions\/6097"}],"wp:featuredmedia":[{"embeddable":true,"href":"https:\/\/magistradoscorrientes.com\/magistrados\/wp-json\/wp\/v2\/media\/6096"}],"wp:attachment":[{"href":"https:\/\/magistradoscorrientes.com\/magistrados\/wp-json\/wp\/v2\/media?parent=6094"}],"wp:term":[{"taxonomy":"category","embeddable":true,"href":"https:\/\/magistradoscorrientes.com\/magistrados\/wp-json\/wp\/v2\/categories?post=6094"},{"taxonomy":"post_tag","embeddable":true,"href":"https:\/\/magistradoscorrientes.com\/magistrados\/wp-json\/wp\/v2\/tags?post=6094"}],"curies":[{"name":"wp","href":"https:\/\/api.w.org\/{rel}","templated":true}]}}