{"id":6099,"date":"2022-02-24T10:22:13","date_gmt":"2022-02-24T13:22:13","guid":{"rendered":"http:\/\/magistradoscorrientes.com\/magistrados\/?p=6099"},"modified":"2022-02-24T16:11:17","modified_gmt":"2022-02-24T19:11:17","slug":"importante-bonificacion-para-magistrados-en-especializacion-y-master-de-la-universidad-de-bolonia","status":"publish","type":"post","link":"https:\/\/magistradoscorrientes.com\/magistrados\/importante-bonificacion-para-magistrados-en-especializacion-y-master-de-la-universidad-de-bolonia\/","title":{"rendered":"Importante bonificaci\u00f3n para magistrados en Especializaci\u00f3n y Master de la Universidad de Bolonia"},"content":{"rendered":"\n<p>Esta semana el Colegio de Magistrados y Funcionarios del Poder Judicial de la Provincia de Corrientes alcanz\u00f3 dos importantes acuerdos que lo vincular\u00e1n con el Instituto para el Desarrollo Constitucional (IDC) y la Universidad de Bolonia (Italia).<\/p>\n\n\n\n<p>Los convenios Marco y Espec\u00edfico fueron firmados este martes en \u00e1mbitos de la sede social del Colegio por su titular, la doctora Luz Gabriela Masferrer y el doctor Jorge Alejandro Amaya, Presidente del IDC y llevan la firma del doctor Luca Mezzetti (Italia), Director de la Escuela de Estudios Jur\u00eddicos de la Universidad de Bolonia.<\/p>\n\n\n\n<figure class=\"wp-block-image size-large\"><img loading=\"lazy\" width=\"900\" height=\"600\" src=\"http:\/\/magistradoscorrientes.com\/magistrados\/wp-content\/uploads\/2022\/02\/DSC_0022.jpg\" alt=\"\" class=\"wp-image-6101\" srcset=\"https:\/\/magistradoscorrientes.com\/magistrados\/wp-content\/uploads\/2022\/02\/DSC_0022.jpg 900w, https:\/\/magistradoscorrientes.com\/magistrados\/wp-content\/uploads\/2022\/02\/DSC_0022-300x200.jpg 300w, https:\/\/magistradoscorrientes.com\/magistrados\/wp-content\/uploads\/2022\/02\/DSC_0022-768x512.jpg 768w, https:\/\/magistradoscorrientes.com\/magistrados\/wp-content\/uploads\/2022\/02\/DSC_0022-391x260.jpg 391w, https:\/\/magistradoscorrientes.com\/magistrados\/wp-content\/uploads\/2022\/02\/DSC_0022-600x400.jpg 600w\" sizes=\"(max-width: 900px) 100vw, 900px\" \/><\/figure>\n\n\n\n<p>La iniciativa tomar\u00e1 cuerpo el pr\u00f3ximo 4 de abril, cuando se inicie el Alto Curso de Especializaci\u00f3n en Justicia Constitucional y Derechos Humanos, y de la que podr\u00e1n tomar parte los asociados del Colegio con una tarifa bonificada.<\/p>\n\n\n\n<p>El doctor Amaya explic\u00f3 que \u00abla actividad se extender\u00e1 por nueve meses contar\u00e1 con seis orientaciones: \u00abDerecho Constitucional y Procesal Constitucional\u00bb, \u00abDerechos Fundamentales\u00bb, \u00abSeguridad Social y Derechos Humanos\u00bb, \u00abMinor\u00edas y Grupos Vulnerables\u00bb, \u00abDerecho de G\u00e9nero\u00bb y \u00abDerecho Penal y delitos complejos\u00bb.<\/p>\n\n\n\n<p>Cabe destacar que la oferta de posgraduaci\u00f3n de nivel internacional finalizar\u00e1 en diciembre de 2022, se cursar\u00e1 en forma virtual a trav\u00e9s de la plataforma www.idcar.com.ar y contar\u00e1 con dos encuentros presenciales en la sede del Colegio de Magistrados de Corrientes, con exposiciones de los doctores Luca Mezzetti (Italia) y Jorge Alejandro Amaya. <\/p>\n\n\n\n<figure class=\"wp-block-gallery columns-2 is-cropped\"><ul class=\"blocks-gallery-grid\"><li class=\"blocks-gallery-item\"><figure><img loading=\"lazy\" width=\"1000\" height=\"667\" src=\"http:\/\/magistradoscorrientes.com\/magistrados\/wp-content\/uploads\/2022\/02\/DSC_0018.jpg\" alt=\"\" data-id=\"6104\" data-full-url=\"http:\/\/magistradoscorrientes.com\/magistrados\/wp-content\/uploads\/2022\/02\/DSC_0018.jpg\" data-link=\"http:\/\/magistradoscorrientes.com\/magistrados\/?attachment_id=6104\" class=\"wp-image-6104\" srcset=\"https:\/\/magistradoscorrientes.com\/magistrados\/wp-content\/uploads\/2022\/02\/DSC_0018.jpg 1000w, https:\/\/magistradoscorrientes.com\/magistrados\/wp-content\/uploads\/2022\/02\/DSC_0018-300x200.jpg 300w, https:\/\/magistradoscorrientes.com\/magistrados\/wp-content\/uploads\/2022\/02\/DSC_0018-768x512.jpg 768w, https:\/\/magistradoscorrientes.com\/magistrados\/wp-content\/uploads\/2022\/02\/DSC_0018-391x260.jpg 391w, https:\/\/magistradoscorrientes.com\/magistrados\/wp-content\/uploads\/2022\/02\/DSC_0018-600x400.jpg 600w\" sizes=\"(max-width: 1000px) 100vw, 1000px\" \/><\/figure><\/li><li class=\"blocks-gallery-item\"><figure><img loading=\"lazy\" width=\"1000\" height=\"667\" src=\"http:\/\/magistradoscorrientes.com\/magistrados\/wp-content\/uploads\/2022\/02\/DSC_0006-1.jpg\" alt=\"\" data-id=\"6103\" data-full-url=\"http:\/\/magistradoscorrientes.com\/magistrados\/wp-content\/uploads\/2022\/02\/DSC_0006-1.jpg\" data-link=\"http:\/\/magistradoscorrientes.com\/magistrados\/?attachment_id=6103\" class=\"wp-image-6103\" srcset=\"https:\/\/magistradoscorrientes.com\/magistrados\/wp-content\/uploads\/2022\/02\/DSC_0006-1.jpg 1000w, https:\/\/magistradoscorrientes.com\/magistrados\/wp-content\/uploads\/2022\/02\/DSC_0006-1-300x200.jpg 300w, https:\/\/magistradoscorrientes.com\/magistrados\/wp-content\/uploads\/2022\/02\/DSC_0006-1-768x512.jpg 768w, https:\/\/magistradoscorrientes.com\/magistrados\/wp-content\/uploads\/2022\/02\/DSC_0006-1-391x260.jpg 391w, https:\/\/magistradoscorrientes.com\/magistrados\/wp-content\/uploads\/2022\/02\/DSC_0006-1-600x400.jpg 600w\" sizes=\"(max-width: 1000px) 100vw, 1000px\" \/><\/figure><\/li><\/ul><\/figure>\n\n\n\n<p>Quienes completen la Especializaci\u00f3n podr\u00e1n continuar con la formaci\u00f3n de la especialidad tomando parte de un M\u00e1ster en Justicia Constitucional y Derechos Humanos que se desarrollar\u00e1 en enero y febrero de 2023, bajo la direcci\u00f3n del doctor Luca Mezzetti y que prev\u00e9 encuentros en la Universidad de Bolonia.<\/p>\n\n\n\n<p>En ese marco la doctora Masferrer agradeci\u00f3 las gestiones encaradas por el doctor Amaya y destac\u00f3 los acuerdos alcanzados con el IDC y la Universidad de Bolonia, que colaborar\u00e1n con la adquisici\u00f3n de nuevos conocimientos para los asociados de la entidad que preside, sobre todo en tem\u00e1ticas actuales y de sumo inter\u00e9s para el sector.<\/p>\n\n\n\n<figure class=\"wp-block-embed-youtube wp-block-embed is-type-video is-provider-youtube wp-embed-aspect-4-3 wp-has-aspect-ratio\"><div class=\"wp-block-embed__wrapper\">\n<iframe title=\"Convenio con la Universidad de Bolonia (Italia)\" width=\"640\" height=\"480\" src=\"https:\/\/www.youtube.com\/embed\/URITHsSoK0Y?feature=oembed\" frameborder=\"0\" allow=\"accelerometer; autoplay; clipboard-write; encrypted-media; gyroscope; picture-in-picture\" allowfullscreen><\/iframe>\n<\/div><\/figure>\n","protected":false},"excerpt":{"rendered":"<p>Esta semana el Colegio de Magistrados y Funcionarios del Poder Judicial de la Provincia de Corrientes alcanz\u00f3 dos importantes acuerdos que lo vincular\u00e1n con el Instituto para el Desarrollo Constitucional (IDC) y la Universidad de Bolonia (Italia). Los convenios Marco y Espec\u00edfico fueron firmados este martes en \u00e1mbitos de la sede social del Colegio por su titular, la doctora Luz [&hellip;]<\/p>\n","protected":false},"author":2,"featured_media":6100,"comment_status":"closed","ping_status":"open","sticky":false,"template":"","format":"standard","meta":{"ngg_post_thumbnail":0},"categories":[13],"tags":[],"_links":{"self":[{"href":"https:\/\/magistradoscorrientes.com\/magistrados\/wp-json\/wp\/v2\/posts\/6099"}],"collection":[{"href":"https:\/\/magistradoscorrientes.com\/magistrados\/wp-json\/wp\/v2\/posts"}],"about":[{"href":"https:\/\/magistradoscorrientes.com\/magistrados\/wp-json\/wp\/v2\/types\/post"}],"author":[{"embeddable":true,"href":"https:\/\/magistradoscorrientes.com\/magistrados\/wp-json\/wp\/v2\/users\/2"}],"replies":[{"embeddable":true,"href":"https:\/\/magistradoscorrientes.com\/magistrados\/wp-json\/wp\/v2\/comments?post=6099"}],"version-history":[{"count":2,"href":"https:\/\/magistradoscorrientes.com\/magistrados\/wp-json\/wp\/v2\/posts\/6099\/revisions"}],"predecessor-version":[{"id":6106,"href":"https:\/\/magistradoscorrientes.com\/magistrados\/wp-json\/wp\/v2\/posts\/6099\/revisions\/6106"}],"wp:featuredmedia":[{"embeddable":true,"href":"https:\/\/magistradoscorrientes.com\/magistrados\/wp-json\/wp\/v2\/media\/6100"}],"wp:attachment":[{"href":"https:\/\/magistradoscorrientes.com\/magistrados\/wp-json\/wp\/v2\/media?parent=6099"}],"wp:term":[{"taxonomy":"category","embeddable":true,"href":"https:\/\/magistradoscorrientes.com\/magistrados\/wp-json\/wp\/v2\/categories?post=6099"},{"taxonomy":"post_tag","embeddable":true,"href":"https:\/\/magistradoscorrientes.com\/magistrados\/wp-json\/wp\/v2\/tags?post=6099"}],"curies":[{"name":"wp","href":"https:\/\/api.w.org\/{rel}","templated":true}]}}