{"id":6107,"date":"2022-02-25T07:48:01","date_gmt":"2022-02-25T10:48:01","guid":{"rendered":"http:\/\/magistradoscorrientes.com\/magistrados\/?p=6107"},"modified":"2022-02-25T13:32:37","modified_gmt":"2022-02-25T16:32:37","slug":"acta-n-12-del-tribunal-electoral-del-colegio-de-magistrados-y-funcionarios-de-la-provincia-de-corrientes","status":"publish","type":"post","link":"https:\/\/magistradoscorrientes.com\/magistrados\/acta-n-12-del-tribunal-electoral-del-colegio-de-magistrados-y-funcionarios-de-la-provincia-de-corrientes\/","title":{"rendered":"Acta N\u00b0 1 del Tribunal Electoral del Colegio de Magistrados y Funcionarios de la Provincia de Corrientes"},"content":{"rendered":"\n<p>En la ciudad de Corrientes, a los 24 d\u00edas del mes de febrero del a\u00f1o dos mil veintid\u00f3s, se re\u00fanen los integrantes del Tribunal Electoral del Colegio de Magistrados y Funcionarios de la Provincia de\u00a0 Corrientes, las Dras. Mar\u00eda Teresa Zacar\u00edas, Rosana Ester Magan y Adriana Mar\u00eda Camino, con el objeto de dar cumplimiento a la delegaci\u00f3n efectuada por\u00a0 Excmo. Superior Tribunal de Justicia por Acuerdo N\u00b0 19\/14 pto. 16\u00b0 y\u00a0 la comunicaci\u00f3n efectuada por el Colegio de Magistrados y Funcionarios del Poder Judicial de Corrientes de acuerdo a la nota recibida de fecha 23 de febrero de 2022, y proceder a la organizaci\u00f3n de las elecciones de representantes -titulares y suplentes- entre los Magistrados e integrantes del Ministerio P\u00fablico que pasaran a formar parte del Consejo de la Magistratura y el Jurado de Enjuiciamiento \u00a0de conformidad a lo establecido el Reglamento de selecci\u00f3n de integrantes del Consejo de la Magistratura y del Jurado de Enjuiciamiento. <\/p>\n\n\n\n<p>CONSIDERARON: 1\u00b0) La formal constituci\u00f3n del Tribunal Electoral fij\u00e1ndose y domicilio. 2\u00b0) Designaci\u00f3n de Presidente del Tribunal Electoral y orden de Subrogaci\u00f3n. 3\u00b0) Fijar la fecha en que ser\u00e1 celebrado el acto electoral y elaboraci\u00f3n del cronograma correspondiente. 4\u00b0) Solicitar a la Direcci\u00f3n de Recursos Humanos el Padr\u00f3n actualizado de Magistrados (Jueces y Jueces de Paz) y Funcionarios del Ministerio P\u00fablico para la selecci\u00f3n de integrantes del Consejo de la Magistratura y el padr\u00f3n integrado por los Magistrados y Jueces de Paz para la selecci\u00f3n de los miembros que pasaran a integrar el Jurado de Enjuiciamiento, de todas las circunscripciones judiciales que componen el Poder Judicial de la Provincia. Por ello SE RESUELVE: 1\u00b0) Proceder a la formal constituci\u00f3n del Tribunal Electoral fij\u00e1ndose como domicilio a la sede del Colegio de&nbsp; Magistrados y Funcionarios del Poder Judicial sito en calle Buenos Aires 780 de esta ciudad. 2\u00b0) Designar en car\u00e1cter de Miembros titulares a, la Dra. Mar\u00eda Teresa Zacar\u00edas como Presidente y las Dras. Rosana Ester Magan como subrogante en Primer t\u00e9rmino y&nbsp; Adriana Mar\u00eda Camino subrogante en Segundo t\u00e9rmino y como Miembros Suplentes a las Dras.: Amelia Zair Nicolas y Maria Silvina Cardoso de R\u00faveda. 3\u00b0) Fijar como fecha para la celebraci\u00f3n del acto eleccionario a desarrollarse en las cinco circunscripciones judiciales de la Provincia el d\u00eda 06 de mayo de 2022, a partir de &nbsp;las 12.00 horas, conforme lo dispone el art. 15 del Reglamento de Selecci\u00f3n de Integrantes del Consejo de la Magistratura y Jurado de Enjuiciamiento. Se fija el siguiente cronograma electoral:<\/p>\n\n\n\n<ul><li>Publicaci\u00f3n de Listas Provisionales por el t\u00e9rmino de 5 (cinco) d\u00edas (art. 5).<\/li><li>Postulaci\u00f3n. Presentaci\u00f3n de listas (art. 9) 13\/04\/22.<\/li><li>Publicaci\u00f3n (art. 9) a partir del 18\/04\/22 por el t\u00e9rmino de 5 (cinco) d\u00edas<\/li><li>Impresi\u00f3n del Padr\u00f3n Definitivo (art. 6) 26\/04\/22.<\/li><li>Aprobaci\u00f3n de postulantes (art. 10) 26\/04\/22.<\/li><li>Designaci\u00f3n de lugares de votaci\u00f3n y autoridades de mesa 26\/04\/22<\/li><li>Presentaci\u00f3n de modelos de boletas 27\/04\/22 (art. 13)<\/li><li>Oficializaci\u00f3n de boletas 28\/04\/22<\/li><li>ACTO ELECCIONARIO (art. 19) viernes 06 de mayo de 2022<\/li><\/ul>\n\n\n\n<p><strong>4\u00b0)<\/strong> Librar oficio la Direcci\u00f3n de Recursos Humanos del Poder Judicial a efecto de solicitar se provea el padr\u00f3n actualizado de Magistrados (Jueces y Jueces de Paz) y Funcionarios del Ministerio P\u00fablico para la selecci\u00f3n de integrantes del Consejo de la Magistratura y el padr\u00f3n integrado por los Magistrados y Jueces de Paz para la selecci\u00f3n de integrantes del Jurado de Enjuiciamiento, de todas las circunscripciones judiciales que componen el Poder Judicial de la Provincia. Con lo que no siendo para m\u00e1s, se da por terminada la reuni\u00f3n, firmando las presentes para constancia y ratificaci\u00f3n.-<\/p>\n\n\n\n<div class=\"wp-block-file\"><a href=\"https:\/\/magistradoscorrientes.com\/magistrados\/wp-content\/uploads\/2022\/02\/ACTA-N\u00b0-1-2022.doc\"><strong>ACTA-N\u00b0-1-2022<\/strong><\/a><a href=\"https:\/\/magistradoscorrientes.com\/magistrados\/wp-content\/uploads\/2022\/02\/ACTA-N\u00b0-1-2022.doc\" class=\"wp-block-file__button\" download>Descarga<\/a><\/div>\n","protected":false},"excerpt":{"rendered":"<p>En la ciudad de Corrientes, a los 24 d\u00edas del mes de febrero del a\u00f1o dos mil veintid\u00f3s, se re\u00fanen los integrantes del Tribunal Electoral del Colegio de Magistrados y Funcionarios de la Provincia de\u00a0 Corrientes, las Dras. Mar\u00eda Teresa Zacar\u00edas, Rosana Ester Magan y Adriana Mar\u00eda Camino, con el objeto de dar cumplimiento a la delegaci\u00f3n efectuada por\u00a0 Excmo. [&hellip;]<\/p>\n","protected":false},"author":2,"featured_media":5212,"comment_status":"closed","ping_status":"open","sticky":false,"template":"","format":"standard","meta":{"ngg_post_thumbnail":0},"categories":[13],"tags":[],"_links":{"self":[{"href":"https:\/\/magistradoscorrientes.com\/magistrados\/wp-json\/wp\/v2\/posts\/6107"}],"collection":[{"href":"https:\/\/magistradoscorrientes.com\/magistrados\/wp-json\/wp\/v2\/posts"}],"about":[{"href":"https:\/\/magistradoscorrientes.com\/magistrados\/wp-json\/wp\/v2\/types\/post"}],"author":[{"embeddable":true,"href":"https:\/\/magistradoscorrientes.com\/magistrados\/wp-json\/wp\/v2\/users\/2"}],"replies":[{"embeddable":true,"href":"https:\/\/magistradoscorrientes.com\/magistrados\/wp-json\/wp\/v2\/comments?post=6107"}],"version-history":[{"count":2,"href":"https:\/\/magistradoscorrientes.com\/magistrados\/wp-json\/wp\/v2\/posts\/6107\/revisions"}],"predecessor-version":[{"id":6110,"href":"https:\/\/magistradoscorrientes.com\/magistrados\/wp-json\/wp\/v2\/posts\/6107\/revisions\/6110"}],"wp:featuredmedia":[{"embeddable":true,"href":"https:\/\/magistradoscorrientes.com\/magistrados\/wp-json\/wp\/v2\/media\/5212"}],"wp:attachment":[{"href":"https:\/\/magistradoscorrientes.com\/magistrados\/wp-json\/wp\/v2\/media?parent=6107"}],"wp:term":[{"taxonomy":"category","embeddable":true,"href":"https:\/\/magistradoscorrientes.com\/magistrados\/wp-json\/wp\/v2\/categories?post=6107"},{"taxonomy":"post_tag","embeddable":true,"href":"https:\/\/magistradoscorrientes.com\/magistrados\/wp-json\/wp\/v2\/tags?post=6107"}],"curies":[{"name":"wp","href":"https:\/\/api.w.org\/{rel}","templated":true}]}}