{"id":6121,"date":"2022-03-03T11:58:00","date_gmt":"2022-03-03T14:58:00","guid":{"rendered":"http:\/\/magistradoscorrientes.com\/magistrados\/?p=6121"},"modified":"2022-03-03T11:58:00","modified_gmt":"2022-03-03T14:58:00","slug":"fam-propone-actividades-por-el-mes-de-la-mujer","status":"publish","type":"post","link":"https:\/\/magistradoscorrientes.com\/magistrados\/fam-propone-actividades-por-el-mes-de-la-mujer\/","title":{"rendered":"FAM propone actividades por el Mes de la Mujer"},"content":{"rendered":"\n<p>La FAM llevar\u00e1 a cabo una agenda especial con actividades culturales, formativas y de comunicaci\u00f3n durante todo el mes para conmemorar el \ud835\udc03\ud835\udc22\u0301\ud835\udc1a \ud835\udc08\ud835\udc27\ud835\udc2d\ud835\udc1e\ud835\udc2b\ud835\udc27\ud835\udc1a\ud835\udc1c\ud835\udc22\ud835\udc28\ud835\udc27\ud835\udc1a\ud835\udc25 \ud835\udc1d\ud835\udc1e \ud835\udc25\ud835\udc1a\ud835\udc2c \ud835\udc0c\ud835\udc2e\ud835\udc23\ud835\udc1e\ud835\udc2b\ud835\udc1e\ud835\udc2c.&nbsp;<\/p>\n\n\n\n<p>Este a\u00f1o el \u00e9nfasis est\u00e1 puesto en la visibilizaci\u00f3n de las problem\u00e1ticas que enfrentan las mujeres diversas en su vida cotidiana, la igualdad de ge\u0301nero hoy para un ma\u00f1ana sostenible, la reivindicaci\u00f3n de derechos, las mujeres diversas haciendo justicia, la perspectiva de g\u00e9nero imprescindible que debe primar en los distintos fueros, la prevenci\u00f3n de la discriminaci\u00f3n y la violencia de g\u00e9nero.<\/p>\n\n\n\n<p>Invitamos a cada Asociados a sumarse y participar.<\/p>\n\n\n\n<figure class=\"wp-block-image size-large\"><img loading=\"lazy\" width=\"723\" height=\"1024\" src=\"http:\/\/magistradoscorrientes.com\/magistrados\/wp-content\/uploads\/2022\/03\/WhatsApp-Image-2022-03-02-at-9.01.12-PM-2-723x1024.jpeg\" alt=\"\" class=\"wp-image-6122\" srcset=\"https:\/\/magistradoscorrientes.com\/magistrados\/wp-content\/uploads\/2022\/03\/WhatsApp-Image-2022-03-02-at-9.01.12-PM-2-723x1024.jpeg 723w, https:\/\/magistradoscorrientes.com\/magistrados\/wp-content\/uploads\/2022\/03\/WhatsApp-Image-2022-03-02-at-9.01.12-PM-2-212x300.jpeg 212w, https:\/\/magistradoscorrientes.com\/magistrados\/wp-content\/uploads\/2022\/03\/WhatsApp-Image-2022-03-02-at-9.01.12-PM-2-768x1087.jpeg 768w, https:\/\/magistradoscorrientes.com\/magistrados\/wp-content\/uploads\/2022\/03\/WhatsApp-Image-2022-03-02-at-9.01.12-PM-2.jpeg 904w\" sizes=\"(max-width: 723px) 100vw, 723px\" \/><\/figure>\n","protected":false},"excerpt":{"rendered":"<p>La FAM llevar\u00e1 a cabo una agenda especial con actividades culturales, formativas y de comunicaci\u00f3n durante todo el mes para conmemorar el \ud835\udc03\ud835\udc22\u0301\ud835\udc1a \ud835\udc08\ud835\udc27\ud835\udc2d\ud835\udc1e\ud835\udc2b\ud835\udc27\ud835\udc1a\ud835\udc1c\ud835\udc22\ud835\udc28\ud835\udc27\ud835\udc1a\ud835\udc25 \ud835\udc1d\ud835\udc1e \ud835\udc25\ud835\udc1a\ud835\udc2c \ud835\udc0c\ud835\udc2e\ud835\udc23\ud835\udc1e\ud835\udc2b\ud835\udc1e\ud835\udc2c.&nbsp; Este a\u00f1o el \u00e9nfasis est\u00e1 puesto en la visibilizaci\u00f3n de las problem\u00e1ticas que enfrentan las mujeres diversas en su vida cotidiana, la igualdad de ge\u0301nero hoy para un ma\u00f1ana sostenible, la reivindicaci\u00f3n de [&hellip;]<\/p>\n","protected":false},"author":2,"featured_media":6125,"comment_status":"closed","ping_status":"open","sticky":false,"template":"","format":"standard","meta":{"ngg_post_thumbnail":0},"categories":[13],"tags":[],"_links":{"self":[{"href":"https:\/\/magistradoscorrientes.com\/magistrados\/wp-json\/wp\/v2\/posts\/6121"}],"collection":[{"href":"https:\/\/magistradoscorrientes.com\/magistrados\/wp-json\/wp\/v2\/posts"}],"about":[{"href":"https:\/\/magistradoscorrientes.com\/magistrados\/wp-json\/wp\/v2\/types\/post"}],"author":[{"embeddable":true,"href":"https:\/\/magistradoscorrientes.com\/magistrados\/wp-json\/wp\/v2\/users\/2"}],"replies":[{"embeddable":true,"href":"https:\/\/magistradoscorrientes.com\/magistrados\/wp-json\/wp\/v2\/comments?post=6121"}],"version-history":[{"count":1,"href":"https:\/\/magistradoscorrientes.com\/magistrados\/wp-json\/wp\/v2\/posts\/6121\/revisions"}],"predecessor-version":[{"id":6126,"href":"https:\/\/magistradoscorrientes.com\/magistrados\/wp-json\/wp\/v2\/posts\/6121\/revisions\/6126"}],"wp:featuredmedia":[{"embeddable":true,"href":"https:\/\/magistradoscorrientes.com\/magistrados\/wp-json\/wp\/v2\/media\/6125"}],"wp:attachment":[{"href":"https:\/\/magistradoscorrientes.com\/magistrados\/wp-json\/wp\/v2\/media?parent=6121"}],"wp:term":[{"taxonomy":"category","embeddable":true,"href":"https:\/\/magistradoscorrientes.com\/magistrados\/wp-json\/wp\/v2\/categories?post=6121"},{"taxonomy":"post_tag","embeddable":true,"href":"https:\/\/magistradoscorrientes.com\/magistrados\/wp-json\/wp\/v2\/tags?post=6121"}],"curies":[{"name":"wp","href":"https:\/\/api.w.org\/{rel}","templated":true}]}}