{"id":6128,"date":"2022-03-07T18:54:13","date_gmt":"2022-03-07T21:54:13","guid":{"rendered":"http:\/\/magistradoscorrientes.com\/magistrados\/?p=6128"},"modified":"2022-03-29T10:45:46","modified_gmt":"2022-03-29T13:45:46","slug":"conformacion-de-comisiones-de-trabajo-del-colegio","status":"publish","type":"post","link":"https:\/\/magistradoscorrientes.com\/magistrados\/conformacion-de-comisiones-de-trabajo-del-colegio\/","title":{"rendered":"Conformaci\u00f3n de Comisiones de trabajo del Colegio"},"content":{"rendered":"\n<p>Damos a conocer la conformaci\u00f3n de las siguientes Comisiones de trabajo en nuestro Colegio.<\/p>\n\n\n\n<p>\u2611\ufe0f COMISION DE SECRETARIOS: Coordinador, Dr Alfredo Hanke<\/p>\n\n\n\n<p>\u2611\ufe0f COMISION DE JOVENES: Coordinadora, Dra Natalia Rey Moreno<\/p>\n\n\n\n<p>\u2611\ufe0f COMISION DE GENERO: Coordinadora, Dra Mar\u00eda Jos\u00e9 Barrero Sahag\u00fan<\/p>\n\n\n\n<p>\u2611\ufe0f COMISI\u00d3N DE JUSTICIA DE PAZ: Coordinador, Dr Eduardo Modenutti<\/p>\n\n\n\n<p>\u2611\ufe0f COMISION DE CAPACITACIONES: Coordinador, Dr Jos\u00e9 Ledesma<\/p>\n\n\n\n<p>\u2611\ufe0f COMISION DE FAMILIA, NI\u00d1EZ Y ADOLESCENCIA: Coordinadores, Dres. Mirtha Ram\u00edrez Barrios y Edgardo Frutos.<\/p>\n\n\n\n<p>\u2611\ufe0f COMISI\u00d3N DE DISCAPACIDAD:<\/p>\n\n\n\n<p>\u2611\ufe0f COMISI\u00d3N DE G\u00c9NERO:<\/p>\n\n\n\n<p>\u2611\ufe0f COMISI\u00d3N DE PROCESOS EJECUTIVOS: <\/p>\n\n\n\n<p>Los INVITAMOS A FORMAR PARTE EN LA CREACION DE NUEVAS COMISIONES seg\u00fan inter\u00e9s y conveniencia. <\/p>\n","protected":false},"excerpt":{"rendered":"<p>Damos a conocer la conformaci\u00f3n de las siguientes Comisiones de trabajo en nuestro Colegio. \u2611\ufe0f COMISION DE SECRETARIOS: Coordinador, Dr Alfredo Hanke \u2611\ufe0f COMISION DE JOVENES: Coordinadora, Dra Natalia Rey Moreno \u2611\ufe0f COMISION DE GENERO: Coordinadora, Dra Mar\u00eda Jos\u00e9 Barrero Sahag\u00fan \u2611\ufe0f COMISI\u00d3N DE JUSTICIA DE PAZ: Coordinador, Dr Eduardo Modenutti \u2611\ufe0f COMISION DE CAPACITACIONES: Coordinador, Dr Jos\u00e9 Ledesma \u2611\ufe0f [&hellip;]<\/p>\n","protected":false},"author":2,"featured_media":6129,"comment_status":"closed","ping_status":"open","sticky":false,"template":"","format":"standard","meta":{"ngg_post_thumbnail":0},"categories":[13],"tags":[],"_links":{"self":[{"href":"https:\/\/magistradoscorrientes.com\/magistrados\/wp-json\/wp\/v2\/posts\/6128"}],"collection":[{"href":"https:\/\/magistradoscorrientes.com\/magistrados\/wp-json\/wp\/v2\/posts"}],"about":[{"href":"https:\/\/magistradoscorrientes.com\/magistrados\/wp-json\/wp\/v2\/types\/post"}],"author":[{"embeddable":true,"href":"https:\/\/magistradoscorrientes.com\/magistrados\/wp-json\/wp\/v2\/users\/2"}],"replies":[{"embeddable":true,"href":"https:\/\/magistradoscorrientes.com\/magistrados\/wp-json\/wp\/v2\/comments?post=6128"}],"version-history":[{"count":3,"href":"https:\/\/magistradoscorrientes.com\/magistrados\/wp-json\/wp\/v2\/posts\/6128\/revisions"}],"predecessor-version":[{"id":6178,"href":"https:\/\/magistradoscorrientes.com\/magistrados\/wp-json\/wp\/v2\/posts\/6128\/revisions\/6178"}],"wp:featuredmedia":[{"embeddable":true,"href":"https:\/\/magistradoscorrientes.com\/magistrados\/wp-json\/wp\/v2\/media\/6129"}],"wp:attachment":[{"href":"https:\/\/magistradoscorrientes.com\/magistrados\/wp-json\/wp\/v2\/media?parent=6128"}],"wp:term":[{"taxonomy":"category","embeddable":true,"href":"https:\/\/magistradoscorrientes.com\/magistrados\/wp-json\/wp\/v2\/categories?post=6128"},{"taxonomy":"post_tag","embeddable":true,"href":"https:\/\/magistradoscorrientes.com\/magistrados\/wp-json\/wp\/v2\/tags?post=6128"}],"curies":[{"name":"wp","href":"https:\/\/api.w.org\/{rel}","templated":true}]}}