{"id":6135,"date":"2022-03-08T20:33:53","date_gmt":"2022-03-08T23:33:53","guid":{"rendered":"http:\/\/magistradoscorrientes.com\/magistrados\/?p=6135"},"modified":"2022-03-08T20:33:53","modified_gmt":"2022-03-08T23:33:53","slug":"visita-protocolar-al-sr-ministro-de-seguridad-dr-buenaventura-duarte","status":"publish","type":"post","link":"https:\/\/magistradoscorrientes.com\/magistrados\/visita-protocolar-al-sr-ministro-de-seguridad-dr-buenaventura-duarte\/","title":{"rendered":"Visita protocolar al Sr Ministro de Seguridad, Dr Buenaventura Duarte"},"content":{"rendered":"\n<p>El viernes, integrantes de la Comisi\u00f3n Directiva, realizaron una visita protocolar al Ministro de Seguridad de la Provincia de Corrientes, Dr Buenaventura Duarte.<\/p>\n\n\n\n<p>\u2705 Se present\u00f3 a los nuevos integrantes de CD, y se convers\u00f3 sobre la posibilidad de encarar actividades en conjunto de capacitaci\u00f3n para los agentes judiciales y personal policial.<\/p>\n\n\n\n<p>\u2705 Se hizo hincapi\u00e9 por parte del Colegio, en el trabajo de coordinaci\u00f3n entre organismos del Poder Ejecutivo que dependen del Ministerio de Seguridad, con el trabajo realizado desde los \u00f3rganos judiciales.<\/p>\n\n\n\n<p>\u2705 Se concluy\u00f3, en la necesidad de realizar conversatorios a fin de contribuir a un mejor v\u00ednculo institucional entre los operadores de justicia y los operadores del \u00e1mbito administrativo.<\/p>\n\n\n\n<p>\u2705 Se destac\u00f3, la necesidad de capacitaci\u00f3n permanente en tema de g\u00e9nero y en tomar conocimiento de c\u00f3mo actuar en casos de denuncias de violencia. Se resalt\u00f3, la necesidad de formaci\u00f3n en general sobre Derechos Humanos y respeto a las normas constitucionales y convencionales.<\/p>\n\n\n\n<p>\u2705 Se acord\u00f3, firmar convenios de colaboraci\u00f3n, entre el Ministerio de Seguridad y nuestro Colegio a fin de coordinar actividades a realizar en el presente a\u00f1o.<\/p>\n","protected":false},"excerpt":{"rendered":"<p>El viernes, integrantes de la Comisi\u00f3n Directiva, realizaron una visita protocolar al Ministro de Seguridad de la Provincia de Corrientes, Dr Buenaventura Duarte. \u2705 Se present\u00f3 a los nuevos integrantes de CD, y se convers\u00f3 sobre la posibilidad de encarar actividades en conjunto de capacitaci\u00f3n para los agentes judiciales y personal policial. \u2705 Se hizo hincapi\u00e9 por parte del Colegio, [&hellip;]<\/p>\n","protected":false},"author":2,"featured_media":6136,"comment_status":"closed","ping_status":"open","sticky":false,"template":"","format":"standard","meta":{"ngg_post_thumbnail":0},"categories":[13],"tags":[],"_links":{"self":[{"href":"https:\/\/magistradoscorrientes.com\/magistrados\/wp-json\/wp\/v2\/posts\/6135"}],"collection":[{"href":"https:\/\/magistradoscorrientes.com\/magistrados\/wp-json\/wp\/v2\/posts"}],"about":[{"href":"https:\/\/magistradoscorrientes.com\/magistrados\/wp-json\/wp\/v2\/types\/post"}],"author":[{"embeddable":true,"href":"https:\/\/magistradoscorrientes.com\/magistrados\/wp-json\/wp\/v2\/users\/2"}],"replies":[{"embeddable":true,"href":"https:\/\/magistradoscorrientes.com\/magistrados\/wp-json\/wp\/v2\/comments?post=6135"}],"version-history":[{"count":1,"href":"https:\/\/magistradoscorrientes.com\/magistrados\/wp-json\/wp\/v2\/posts\/6135\/revisions"}],"predecessor-version":[{"id":6137,"href":"https:\/\/magistradoscorrientes.com\/magistrados\/wp-json\/wp\/v2\/posts\/6135\/revisions\/6137"}],"wp:featuredmedia":[{"embeddable":true,"href":"https:\/\/magistradoscorrientes.com\/magistrados\/wp-json\/wp\/v2\/media\/6136"}],"wp:attachment":[{"href":"https:\/\/magistradoscorrientes.com\/magistrados\/wp-json\/wp\/v2\/media?parent=6135"}],"wp:term":[{"taxonomy":"category","embeddable":true,"href":"https:\/\/magistradoscorrientes.com\/magistrados\/wp-json\/wp\/v2\/categories?post=6135"},{"taxonomy":"post_tag","embeddable":true,"href":"https:\/\/magistradoscorrientes.com\/magistrados\/wp-json\/wp\/v2\/tags?post=6135"}],"curies":[{"name":"wp","href":"https:\/\/api.w.org\/{rel}","templated":true}]}}