{"id":6141,"date":"2022-03-15T10:02:00","date_gmt":"2022-03-15T13:02:00","guid":{"rendered":"http:\/\/magistradoscorrientes.com\/magistrados\/?p=6141"},"modified":"2022-03-15T10:02:00","modified_gmt":"2022-03-15T13:02:00","slug":"curso-taller-sobre-expresion-corporal-y-manejo-escenico-en-audiencias-judiciales","status":"publish","type":"post","link":"https:\/\/magistradoscorrientes.com\/magistrados\/curso-taller-sobre-expresion-corporal-y-manejo-escenico-en-audiencias-judiciales\/","title":{"rendered":"Curso taller sobre expresi\u00f3n corporal y manejo esc\u00e9nico en Audiencias Judiciales"},"content":{"rendered":"\n<p>25% off para Asociados del Colegio <br><br>*PRE INSCRIPCIONES ABIERTAS*<\/p>\n\n\n\n<p>*D\u00eda y hora:* 4 encuentros: S\u00e1bados de junio (4, 11, 18 y 25), de 9 a 13hs<\/p>\n\n\n\n<p>*Lugar:* Sal\u00f3n de Usos M\u00faltiples del Colegio.<\/p>\n\n\n\n<p>*Modalidad:* Presencial.<\/p>\n\n\n\n<p>*Cupo limitado*. 20 personas<\/p>\n\n\n\n<p>*Prof. a cargo:* Dr. Juan Agust\u00edn Brusa, abogado y actor y el Lic. Facundo Mart\u00ednez Reyes actor, director, dramaturgo, periodista y licenciado en comunicaci\u00f3n, ambos de Buenos Aires.<\/p>\n\n\n\n<p>*Caracter\u00edsticas de las clases*<\/p>\n\n\n\n<p>Las clases son pr\u00e1cticas e interactivas. Los grupos son reducidos, lo que permite personalizar las actividades. No es un curso para que los alumnos se sienten y tomen nota. En todas las clases todos los alumnos trabajan con el cuerpo, de forma pr\u00e1ctica con ropa c\u00f3moda y en un espacio adecuado.<\/p>\n\n\n\n<p>Trabajan muy especialmente en el desarrollo de las habilidades para litigaci\u00f3n oral y ante c\u00e1mara de los operadores jur\u00eddicos en sus distintas facetas (tribunal oral, audiencias, juicio por jurados, clientes, docencia, etc).<\/p>\n\n\n\n<p>Este curso es diferente a cualquier curso de oratoria o de litigaci\u00f3n oral. Su m\u00e9todo consiste en tomar elementos de las artes esc\u00e9nicas (teatro y actuaci\u00f3n ante c\u00e1mara) que son \u00fatiles para el abogado. Con esos elementos, ense\u00f1an a preparar el lugar de trabajo ante c\u00e1mara (espacio, iluminaci\u00f3n, audio y video), a utilizar correctamente la voz, el cuerpo, su postura, observar al otro y el entorno, control y conexi\u00f3n emocional, negociaci\u00f3n e improvisaci\u00f3n.<\/p>\n\n\n\n<p>El formato de clase ser\u00eda presencial, con un cupo de 20 alumnos (excepcionalmente se puede manejar un grupo de 21 o 22).<\/p>\n\n\n\n<p>En 4 a\u00f1os, los profesores Brusa y Mart\u00ednez Reyes realizaron 16 ediciones del curso (13 presenciales y 3 virtuales), desarrollando estos mismos contenidos para el Colegio de Magistrados de Z\u00e1rate Campana y con la Uni\u00f3n de Magistrados de Lomas de Zamora, as\u00ed como con FUNDESI junto con Enrique Falc\u00f3n y Roland Arazi, con un alto porcentaje de alumnado del Poder Judicial.<\/p>\n\n\n\n<p><strong>Costo del curso:<\/strong> El precio de lista es de un \u00fanico pago de $ 20.000 por alumno, pero si la inscripci\u00f3n se realiza mediante el Colegio (beneficio que estar\u00eda destinado exclusivamente a asociados), se ofrece un 25% de descuento (con lo cual el costo del curso quedar\u00eda en un \u00fanico pago de $ 15.000 por alumno. Se podr\u00e1 abonar en 2 cuotas de $7500).<\/p>\n\n\n\n<p>Para ello, pedimos a quienes est\u00e9n interesados completen el formulario de preinscripci\u00f3n en el link adjunto hasta este viernes 18 de marzo. Como el cupo es muy limitado, la lista se armar\u00e1 con los primeros 20 que confirmen, sin perjuicio de realizar ulteriores ediciones de la misma actividad si fuera necesario en funci\u00f3n de vuestro inter\u00e9s en el tema.<\/p>\n\n\n\n<p>Link: <a href=\"https:\/\/docs.google.com\/forms\/d\/1YsXBu80QJyTTrNNg91wxhwkCXkWpROFLrM0BY-jTtbk\">https:\/\/docs.google.com\/forms\/d\/1YsXBu80QJyTTrNNg91wxhwkCXkWpROFLrM0BY-jTtbk<\/a><\/p>\n\n\n\n<p><\/p>\n","protected":false},"excerpt":{"rendered":"<p>25% off para Asociados del Colegio *PRE INSCRIPCIONES ABIERTAS* *D\u00eda y hora:* 4 encuentros: S\u00e1bados de junio (4, 11, 18 y 25), de 9 a 13hs *Lugar:* Sal\u00f3n de Usos M\u00faltiples del Colegio. *Modalidad:* Presencial. *Cupo limitado*. 20 personas *Prof. a cargo:* Dr. Juan Agust\u00edn Brusa, abogado y actor y el Lic. Facundo Mart\u00ednez Reyes actor, director, dramaturgo, periodista y [&hellip;]<\/p>\n","protected":false},"author":2,"featured_media":6142,"comment_status":"closed","ping_status":"open","sticky":false,"template":"","format":"standard","meta":{"ngg_post_thumbnail":0},"categories":[13],"tags":[],"_links":{"self":[{"href":"https:\/\/magistradoscorrientes.com\/magistrados\/wp-json\/wp\/v2\/posts\/6141"}],"collection":[{"href":"https:\/\/magistradoscorrientes.com\/magistrados\/wp-json\/wp\/v2\/posts"}],"about":[{"href":"https:\/\/magistradoscorrientes.com\/magistrados\/wp-json\/wp\/v2\/types\/post"}],"author":[{"embeddable":true,"href":"https:\/\/magistradoscorrientes.com\/magistrados\/wp-json\/wp\/v2\/users\/2"}],"replies":[{"embeddable":true,"href":"https:\/\/magistradoscorrientes.com\/magistrados\/wp-json\/wp\/v2\/comments?post=6141"}],"version-history":[{"count":1,"href":"https:\/\/magistradoscorrientes.com\/magistrados\/wp-json\/wp\/v2\/posts\/6141\/revisions"}],"predecessor-version":[{"id":6143,"href":"https:\/\/magistradoscorrientes.com\/magistrados\/wp-json\/wp\/v2\/posts\/6141\/revisions\/6143"}],"wp:featuredmedia":[{"embeddable":true,"href":"https:\/\/magistradoscorrientes.com\/magistrados\/wp-json\/wp\/v2\/media\/6142"}],"wp:attachment":[{"href":"https:\/\/magistradoscorrientes.com\/magistrados\/wp-json\/wp\/v2\/media?parent=6141"}],"wp:term":[{"taxonomy":"category","embeddable":true,"href":"https:\/\/magistradoscorrientes.com\/magistrados\/wp-json\/wp\/v2\/categories?post=6141"},{"taxonomy":"post_tag","embeddable":true,"href":"https:\/\/magistradoscorrientes.com\/magistrados\/wp-json\/wp\/v2\/tags?post=6141"}],"curies":[{"name":"wp","href":"https:\/\/api.w.org\/{rel}","templated":true}]}}