{"id":6144,"date":"2022-03-17T09:21:08","date_gmt":"2022-03-17T12:21:08","guid":{"rendered":"http:\/\/magistradoscorrientes.com\/magistrados\/?p=6144"},"modified":"2022-03-17T09:21:08","modified_gmt":"2022-03-17T12:21:08","slug":"el-colegio-visitara-a-asociados-de-ituzaingo-y-santo-tome","status":"publish","type":"post","link":"https:\/\/magistradoscorrientes.com\/magistrados\/el-colegio-visitara-a-asociados-de-ituzaingo-y-santo-tome\/","title":{"rendered":"El Colegio visitar\u00e1 a Asociados de Ituzaing\u00f3 y Santo Tom\u00e9"},"content":{"rendered":"\n<p>El Colegio pone en marcha nuevamente el programa \u00abCOLEGIO ITINERANTE\u00bb para recorrer el interior de la provincia y mantener reuniones informativas y de intercambio con Asociados y No Asociados, a fin de conocer sus problem\u00e1ticas, necesidades e inquietudes, y acercarles informaci\u00f3n de primera mano sobre las actividades, servicios y gestiones promovidas por la Instituci\u00f3n.<\/p>\n\n\n\n<p><strong>AGENDA DE VISITAS:<\/strong><\/p>\n\n\n\n<p>\ud83d\udccc <strong>ITUZAING\u00d3: <\/strong>Viernes 18\/03\/2022<br>Hora: 18,30hs<br>Lugar: A confirmar.<\/p>\n\n\n\n<p>\ud83d\udfe3<strong> PR\u00d3XIMA REUNI\u00d3N DE CD EN SANTO TOM\u00c9 &#8211; S\u00e1bado 19\/03\/2021 \ud83d\udfe3<\/strong><br>\u2714\ufe0f Modalidad: PRESENCIAL<br>\u2714\ufe0f Lugar: Caa Guaz\u00fa 432<br>\u2714\ufe0f Hora: 10hs.<\/p>\n\n\n\n<p>TEMARIO:<br>1- Informe de Presidencia (Notas \u2013 resoluciones \u2013 convenios &#8211; actividades acad\u00e9micas y gestiones realizadas y a realizar).<br>2- Formaci\u00f3n e Informes de Comisiones.<br>3- Destino de las donaciones con motivo de los incendios.<br>4- Recurso administrativo por Acuerdo 2, punto 5) STJ.<br>5- Temas asociados del interior.<br>6- Altas y Bajas.<\/p>\n\n\n\n<p>Renovamos el compromiso de escuchar los planteos y las necesidades de los magistrados y funcionarios de toda la provincia.<\/p>\n\n\n\n<p>Los esperamos a todos\/as.<\/p>\n","protected":false},"excerpt":{"rendered":"<p>El Colegio pone en marcha nuevamente el programa \u00abCOLEGIO ITINERANTE\u00bb para recorrer el interior de la provincia y mantener reuniones informativas y de intercambio con Asociados y No Asociados, a fin de conocer sus problem\u00e1ticas, necesidades e inquietudes, y acercarles informaci\u00f3n de primera mano sobre las actividades, servicios y gestiones promovidas por la Instituci\u00f3n. AGENDA DE VISITAS: \ud83d\udccc ITUZAING\u00d3: Viernes [&hellip;]<\/p>\n","protected":false},"author":2,"featured_media":5743,"comment_status":"closed","ping_status":"open","sticky":false,"template":"","format":"standard","meta":{"ngg_post_thumbnail":0},"categories":[13],"tags":[],"_links":{"self":[{"href":"https:\/\/magistradoscorrientes.com\/magistrados\/wp-json\/wp\/v2\/posts\/6144"}],"collection":[{"href":"https:\/\/magistradoscorrientes.com\/magistrados\/wp-json\/wp\/v2\/posts"}],"about":[{"href":"https:\/\/magistradoscorrientes.com\/magistrados\/wp-json\/wp\/v2\/types\/post"}],"author":[{"embeddable":true,"href":"https:\/\/magistradoscorrientes.com\/magistrados\/wp-json\/wp\/v2\/users\/2"}],"replies":[{"embeddable":true,"href":"https:\/\/magistradoscorrientes.com\/magistrados\/wp-json\/wp\/v2\/comments?post=6144"}],"version-history":[{"count":1,"href":"https:\/\/magistradoscorrientes.com\/magistrados\/wp-json\/wp\/v2\/posts\/6144\/revisions"}],"predecessor-version":[{"id":6145,"href":"https:\/\/magistradoscorrientes.com\/magistrados\/wp-json\/wp\/v2\/posts\/6144\/revisions\/6145"}],"wp:featuredmedia":[{"embeddable":true,"href":"https:\/\/magistradoscorrientes.com\/magistrados\/wp-json\/wp\/v2\/media\/5743"}],"wp:attachment":[{"href":"https:\/\/magistradoscorrientes.com\/magistrados\/wp-json\/wp\/v2\/media?parent=6144"}],"wp:term":[{"taxonomy":"category","embeddable":true,"href":"https:\/\/magistradoscorrientes.com\/magistrados\/wp-json\/wp\/v2\/categories?post=6144"},{"taxonomy":"post_tag","embeddable":true,"href":"https:\/\/magistradoscorrientes.com\/magistrados\/wp-json\/wp\/v2\/tags?post=6144"}],"curies":[{"name":"wp","href":"https:\/\/api.w.org\/{rel}","templated":true}]}}