{"id":6198,"date":"2022-04-01T11:55:00","date_gmt":"2022-04-01T14:55:00","guid":{"rendered":"http:\/\/magistradoscorrientes.com\/magistrados\/?p=6198"},"modified":"2022-04-01T11:58:03","modified_gmt":"2022-04-01T14:58:03","slug":"corrientes-presente-en-la-123-asamblea-extraordinaria-de-fam","status":"publish","type":"post","link":"https:\/\/magistradoscorrientes.com\/magistrados\/corrientes-presente-en-la-123-asamblea-extraordinaria-de-fam\/","title":{"rendered":"Corrientes presente en la 123\u00b0 Asamblea Extraordinaria de FAM"},"content":{"rendered":"\n<p>Nuestra Presidente, la Doctora Luz Masferrer particip\u00f3 de la 123\u00b0 Asamblea Extraordinaria de la Federaci\u00f3n Argentina de la Magistratura (FAM).<\/p>\n\n\n\n<p>Realizando el informe de provincias, se agradeci\u00f3 muy especialmente la colaboraci\u00f3n prestada por los Colegios y Asociaciones, e integrantes de estas, ante la emergencia que ocasionaron los incendios en Corrientes. Dio a conocer que las contribuciones fueron destinadas a 12 cuerpos de bomberos de la Provincia y solicit\u00f3 se haga extensivo el agradecimiento a los aportantes.<\/p>\n\n\n\n<p>Tambi\u00e9n coment\u00f3 sobre el fuerte reclamo salarial que viene sosteniendo el Colegio de Corrientes, en di\u00e1logo con el STJ y legisladores provinciales, hall\u00e1ndose pendiente una conversaci\u00f3n con el Sr. Gobernador. Relat\u00f3 que desde 2018 existe un detrimento del 78% en las remuneraciones con respecto a la inflaci\u00f3n, que se ha planteado la necesidad de trazar un PLAN DE RECUPERACI\u00d3N REAL DEL SALARIO, adem\u00e1s de la recomposici\u00f3n prevista para este a\u00f1o, la que se considera INSUFICIENTE.<\/p>\n\n\n\n<figure class=\"wp-block-gallery columns-3 is-cropped\"><ul class=\"blocks-gallery-grid\"><li class=\"blocks-gallery-item\"><figure><img loading=\"lazy\" width=\"1024\" height=\"576\" src=\"http:\/\/magistradoscorrientes.com\/magistrados\/wp-content\/uploads\/2022\/04\/WhatsApp-Image-2022-03-31-at-3.02.13-PM-1024x576.jpeg\" alt=\"\" data-id=\"6202\" data-full-url=\"http:\/\/magistradoscorrientes.com\/magistrados\/wp-content\/uploads\/2022\/04\/WhatsApp-Image-2022-03-31-at-3.02.13-PM.jpeg\" data-link=\"http:\/\/magistradoscorrientes.com\/magistrados\/?attachment_id=6202\" class=\"wp-image-6202\" srcset=\"https:\/\/magistradoscorrientes.com\/magistrados\/wp-content\/uploads\/2022\/04\/WhatsApp-Image-2022-03-31-at-3.02.13-PM-1024x576.jpeg 1024w, https:\/\/magistradoscorrientes.com\/magistrados\/wp-content\/uploads\/2022\/04\/WhatsApp-Image-2022-03-31-at-3.02.13-PM-300x169.jpeg 300w, https:\/\/magistradoscorrientes.com\/magistrados\/wp-content\/uploads\/2022\/04\/WhatsApp-Image-2022-03-31-at-3.02.13-PM-768x432.jpeg 768w, https:\/\/magistradoscorrientes.com\/magistrados\/wp-content\/uploads\/2022\/04\/WhatsApp-Image-2022-03-31-at-3.02.13-PM.jpeg 1280w\" sizes=\"(max-width: 1024px) 100vw, 1024px\" \/><\/figure><\/li><li class=\"blocks-gallery-item\"><figure><img loading=\"lazy\" width=\"1024\" height=\"766\" src=\"http:\/\/magistradoscorrientes.com\/magistrados\/wp-content\/uploads\/2022\/04\/WhatsApp-Image-2022-03-31-at-3.06.45-PM-1024x766.jpeg\" alt=\"\" data-id=\"6199\" data-full-url=\"http:\/\/magistradoscorrientes.com\/magistrados\/wp-content\/uploads\/2022\/04\/WhatsApp-Image-2022-03-31-at-3.06.45-PM.jpeg\" data-link=\"http:\/\/magistradoscorrientes.com\/magistrados\/?attachment_id=6199\" class=\"wp-image-6199\" srcset=\"https:\/\/magistradoscorrientes.com\/magistrados\/wp-content\/uploads\/2022\/04\/WhatsApp-Image-2022-03-31-at-3.06.45-PM-1024x766.jpeg 1024w, https:\/\/magistradoscorrientes.com\/magistrados\/wp-content\/uploads\/2022\/04\/WhatsApp-Image-2022-03-31-at-3.06.45-PM-300x225.jpeg 300w, https:\/\/magistradoscorrientes.com\/magistrados\/wp-content\/uploads\/2022\/04\/WhatsApp-Image-2022-03-31-at-3.06.45-PM-768x575.jpeg 768w, https:\/\/magistradoscorrientes.com\/magistrados\/wp-content\/uploads\/2022\/04\/WhatsApp-Image-2022-03-31-at-3.06.45-PM.jpeg 1280w\" sizes=\"(max-width: 1024px) 100vw, 1024px\" \/><\/figure><\/li><li class=\"blocks-gallery-item\"><figure><img loading=\"lazy\" width=\"1024\" height=\"576\" src=\"http:\/\/magistradoscorrientes.com\/magistrados\/wp-content\/uploads\/2022\/04\/WhatsApp-Image-2022-03-31-at-3.06.19-PM-1024x576.jpeg\" alt=\"\" data-id=\"6200\" data-full-url=\"http:\/\/magistradoscorrientes.com\/magistrados\/wp-content\/uploads\/2022\/04\/WhatsApp-Image-2022-03-31-at-3.06.19-PM.jpeg\" data-link=\"http:\/\/magistradoscorrientes.com\/magistrados\/?attachment_id=6200\" class=\"wp-image-6200\" srcset=\"https:\/\/magistradoscorrientes.com\/magistrados\/wp-content\/uploads\/2022\/04\/WhatsApp-Image-2022-03-31-at-3.06.19-PM-1024x576.jpeg 1024w, https:\/\/magistradoscorrientes.com\/magistrados\/wp-content\/uploads\/2022\/04\/WhatsApp-Image-2022-03-31-at-3.06.19-PM-300x169.jpeg 300w, https:\/\/magistradoscorrientes.com\/magistrados\/wp-content\/uploads\/2022\/04\/WhatsApp-Image-2022-03-31-at-3.06.19-PM-768x432.jpeg 768w, https:\/\/magistradoscorrientes.com\/magistrados\/wp-content\/uploads\/2022\/04\/WhatsApp-Image-2022-03-31-at-3.06.19-PM.jpeg 1280w\" sizes=\"(max-width: 1024px) 100vw, 1024px\" \/><\/figure><\/li><li class=\"blocks-gallery-item\"><figure><img loading=\"lazy\" width=\"1024\" height=\"576\" src=\"http:\/\/magistradoscorrientes.com\/magistrados\/wp-content\/uploads\/2022\/04\/WhatsApp-Image-2022-03-31-at-3.02.00-PM-1024x576.jpeg\" alt=\"\" data-id=\"6208\" data-full-url=\"http:\/\/magistradoscorrientes.com\/magistrados\/wp-content\/uploads\/2022\/04\/WhatsApp-Image-2022-03-31-at-3.02.00-PM.jpeg\" data-link=\"http:\/\/magistradoscorrientes.com\/magistrados\/?attachment_id=6208\" class=\"wp-image-6208\" srcset=\"https:\/\/magistradoscorrientes.com\/magistrados\/wp-content\/uploads\/2022\/04\/WhatsApp-Image-2022-03-31-at-3.02.00-PM-1024x576.jpeg 1024w, https:\/\/magistradoscorrientes.com\/magistrados\/wp-content\/uploads\/2022\/04\/WhatsApp-Image-2022-03-31-at-3.02.00-PM-300x169.jpeg 300w, https:\/\/magistradoscorrientes.com\/magistrados\/wp-content\/uploads\/2022\/04\/WhatsApp-Image-2022-03-31-at-3.02.00-PM-768x432.jpeg 768w, https:\/\/magistradoscorrientes.com\/magistrados\/wp-content\/uploads\/2022\/04\/WhatsApp-Image-2022-03-31-at-3.02.00-PM.jpeg 1280w\" sizes=\"(max-width: 1024px) 100vw, 1024px\" \/><\/figure><\/li><li class=\"blocks-gallery-item\"><figure><img loading=\"lazy\" width=\"1024\" height=\"576\" src=\"http:\/\/magistradoscorrientes.com\/magistrados\/wp-content\/uploads\/2022\/04\/WhatsApp-Image-2022-03-31-at-3.01.58-PM-1-1024x576.jpeg\" alt=\"\" data-id=\"6210\" data-full-url=\"http:\/\/magistradoscorrientes.com\/magistrados\/wp-content\/uploads\/2022\/04\/WhatsApp-Image-2022-03-31-at-3.01.58-PM-1.jpeg\" data-link=\"http:\/\/magistradoscorrientes.com\/magistrados\/?attachment_id=6210\" class=\"wp-image-6210\" srcset=\"https:\/\/magistradoscorrientes.com\/magistrados\/wp-content\/uploads\/2022\/04\/WhatsApp-Image-2022-03-31-at-3.01.58-PM-1-1024x576.jpeg 1024w, https:\/\/magistradoscorrientes.com\/magistrados\/wp-content\/uploads\/2022\/04\/WhatsApp-Image-2022-03-31-at-3.01.58-PM-1-300x169.jpeg 300w, https:\/\/magistradoscorrientes.com\/magistrados\/wp-content\/uploads\/2022\/04\/WhatsApp-Image-2022-03-31-at-3.01.58-PM-1-768x432.jpeg 768w, https:\/\/magistradoscorrientes.com\/magistrados\/wp-content\/uploads\/2022\/04\/WhatsApp-Image-2022-03-31-at-3.01.58-PM-1.jpeg 1280w\" sizes=\"(max-width: 1024px) 100vw, 1024px\" \/><\/figure><\/li><\/ul><\/figure>\n\n\n\n<p>Se solicit\u00f3 el apoyo de FAM en este punto y que se incluya expresamente en la declaraci\u00f3n la necesidad de recomponer las remuneraciones de los magistrados y funcionarios judiciales en resguardo de la independencia, siendo un tema prioritario del que deben ocuparse los Superiores Tribunales como cabezas de los Poderes Judiciales provinciales.<\/p>\n\n\n\n<p>Adem\u00e1s, se dej\u00f3 planteada la disconformidad del Colegio de magistrados de Corrientes con respecto a designaciones realizadas por el STJ que vulneran la reglamentaci\u00f3n de carrera judicial del secretariado, solicitando declaraci\u00f3n de FAM, que destaque la importancia del respeto a la carrera judicial y la necesidad del cumplimiento de las reglamentaciones.<\/p>\n\n\n\n<p>Entre otros aspectos, se hizo referencia a acciones realizadas y a realizar por el Colegio en materia de capacitaci\u00f3n, trabajo de comisiones, convenios y otras gestiones en beneficio de los asociados.<\/p>\n","protected":false},"excerpt":{"rendered":"<p>Nuestra Presidente, la Doctora Luz Masferrer particip\u00f3 de la 123\u00b0 Asamblea Extraordinaria de la Federaci\u00f3n Argentina de la Magistratura (FAM). Realizando el informe de provincias, se agradeci\u00f3 muy especialmente la colaboraci\u00f3n prestada por los Colegios y Asociaciones, e integrantes de estas, ante la emergencia que ocasionaron los incendios en Corrientes. Dio a conocer que las contribuciones fueron destinadas a 12 [&hellip;]<\/p>\n","protected":false},"author":2,"featured_media":6200,"comment_status":"closed","ping_status":"open","sticky":false,"template":"","format":"standard","meta":{"ngg_post_thumbnail":0},"categories":[13],"tags":[],"_links":{"self":[{"href":"https:\/\/magistradoscorrientes.com\/magistrados\/wp-json\/wp\/v2\/posts\/6198"}],"collection":[{"href":"https:\/\/magistradoscorrientes.com\/magistrados\/wp-json\/wp\/v2\/posts"}],"about":[{"href":"https:\/\/magistradoscorrientes.com\/magistrados\/wp-json\/wp\/v2\/types\/post"}],"author":[{"embeddable":true,"href":"https:\/\/magistradoscorrientes.com\/magistrados\/wp-json\/wp\/v2\/users\/2"}],"replies":[{"embeddable":true,"href":"https:\/\/magistradoscorrientes.com\/magistrados\/wp-json\/wp\/v2\/comments?post=6198"}],"version-history":[{"count":3,"href":"https:\/\/magistradoscorrientes.com\/magistrados\/wp-json\/wp\/v2\/posts\/6198\/revisions"}],"predecessor-version":[{"id":6215,"href":"https:\/\/magistradoscorrientes.com\/magistrados\/wp-json\/wp\/v2\/posts\/6198\/revisions\/6215"}],"wp:featuredmedia":[{"embeddable":true,"href":"https:\/\/magistradoscorrientes.com\/magistrados\/wp-json\/wp\/v2\/media\/6200"}],"wp:attachment":[{"href":"https:\/\/magistradoscorrientes.com\/magistrados\/wp-json\/wp\/v2\/media?parent=6198"}],"wp:term":[{"taxonomy":"category","embeddable":true,"href":"https:\/\/magistradoscorrientes.com\/magistrados\/wp-json\/wp\/v2\/categories?post=6198"},{"taxonomy":"post_tag","embeddable":true,"href":"https:\/\/magistradoscorrientes.com\/magistrados\/wp-json\/wp\/v2\/tags?post=6198"}],"curies":[{"name":"wp","href":"https:\/\/api.w.org\/{rel}","templated":true}]}}