{"id":620,"date":"2020-09-28T22:06:16","date_gmt":"2020-09-29T01:06:16","guid":{"rendered":"http:\/\/magistradoscorrientes.com\/magistrados\/?p=620"},"modified":"2020-10-06T00:18:55","modified_gmt":"2020-10-06T03:18:55","slug":"agresiones-movilizaciones-y-amenazas-a-jueces-de-ejecucion-penal-en-provincia-de-buenos-aires","status":"publish","type":"post","link":"https:\/\/magistradoscorrientes.com\/magistrados\/agresiones-movilizaciones-y-amenazas-a-jueces-de-ejecucion-penal-en-provincia-de-buenos-aires\/","title":{"rendered":"Agresiones, movilizaciones y amenazas a jueces de ejecuci\u00f3n penal en Buenos Aires"},"content":{"rendered":"\n<p>La Federaci\u00f3n Argentina de la Magistratura y la Funci\u00f3n Judicial expresa su&nbsp;acompa\u00f1amiento al Colegio de Magistrados y Funcionarios del Poder Judicial de la&nbsp;Provincia de Buenos Aires y hace suyos los t\u00e9rminos expresados en el comunicado de&nbsp;fecha 21 de septiembre 2020.<\/p>\n\n\n\n<p>La escalada de agresiones, movilizaciones a los juzgados (adem\u00e1s de la&nbsp;convocatoria a hacerlo a los domicilios particulares de los funcionarios) y las amenazas&nbsp;a jueces y juezas del fuero de Ejecuci\u00f3n Penal provincial son de tal gravedad&nbsp;institucional que no debe quedar desatendida.<\/p>\n\n\n\n<p>Es necesario recordar que hace pocos meses las juezas y jueces provinciales han&nbsp;sufrido descalificaciones p\u00fablicas basadas exactamente en los argumentos opuestos:&nbsp;ahora se denuncia que no conceden excarcelaciones y entonces se dijo que estaban&nbsp;abriendo la puerta de las c\u00e1rceles bonaerenses a todo tipo de delincuentes. Ni lo que se&nbsp;afirm\u00f3 antes ni lo que se dice ahora es cierto, se trata de presiones orientadas a&nbsp;condicionar la independencia de las y los magistrados, es decir, de vulnerar y debilitar la&nbsp;institucionalidad vigente.<\/p>\n\n\n\n<p>La Federaci\u00f3n Argentina de la Magistratura y la Funci\u00f3n Judicial ratifica su&nbsp;compromiso de colaborar, en coordinaci\u00f3n con el Colegio provincial, en todo lo que&nbsp;est\u00e9 a su alcance para poner fin a esta inaceptable situaci\u00f3n.<\/p>\n\n\n\n<p>Ciudad Aut\u00f3noma de Buenos Aires, 28 de septiembre de 2020.<\/p>\n\n\n\n<p>Ariel Ariza,&nbsp;Presidente FAM&nbsp;<\/p>\n\n\n\n<p>Omar L\u00f3pez, secretario&nbsp;<\/p>\n","protected":false},"excerpt":{"rendered":"<p>La Federaci\u00f3n Argentina de la Magistratura y la Funci\u00f3n Judicial expresa su acompa\u00f1amiento al Colegio de Magistrados y Funcionarios del Poder Judicial de la Provincia de Buenos Aires y hace suyos los t\u00e9rminos expresados en el comunicado de fecha 21 de septiembre 2020.<\/p>\n","protected":false},"author":1,"featured_media":621,"comment_status":"closed","ping_status":"open","sticky":false,"template":"","format":"standard","meta":{"ngg_post_thumbnail":0},"categories":[13],"tags":[],"_links":{"self":[{"href":"https:\/\/magistradoscorrientes.com\/magistrados\/wp-json\/wp\/v2\/posts\/620"}],"collection":[{"href":"https:\/\/magistradoscorrientes.com\/magistrados\/wp-json\/wp\/v2\/posts"}],"about":[{"href":"https:\/\/magistradoscorrientes.com\/magistrados\/wp-json\/wp\/v2\/types\/post"}],"author":[{"embeddable":true,"href":"https:\/\/magistradoscorrientes.com\/magistrados\/wp-json\/wp\/v2\/users\/1"}],"replies":[{"embeddable":true,"href":"https:\/\/magistradoscorrientes.com\/magistrados\/wp-json\/wp\/v2\/comments?post=620"}],"version-history":[{"count":0,"href":"https:\/\/magistradoscorrientes.com\/magistrados\/wp-json\/wp\/v2\/posts\/620\/revisions"}],"wp:featuredmedia":[{"embeddable":true,"href":"https:\/\/magistradoscorrientes.com\/magistrados\/wp-json\/wp\/v2\/media\/621"}],"wp:attachment":[{"href":"https:\/\/magistradoscorrientes.com\/magistrados\/wp-json\/wp\/v2\/media?parent=620"}],"wp:term":[{"taxonomy":"category","embeddable":true,"href":"https:\/\/magistradoscorrientes.com\/magistrados\/wp-json\/wp\/v2\/categories?post=620"},{"taxonomy":"post_tag","embeddable":true,"href":"https:\/\/magistradoscorrientes.com\/magistrados\/wp-json\/wp\/v2\/tags?post=620"}],"curies":[{"name":"wp","href":"https:\/\/api.w.org\/{rel}","templated":true}]}}