{"id":6216,"date":"2022-04-01T20:15:53","date_gmt":"2022-04-01T23:15:53","guid":{"rendered":"http:\/\/magistradoscorrientes.com\/magistrados\/?p=6216"},"modified":"2022-04-01T20:15:53","modified_gmt":"2022-04-01T23:15:53","slug":"declaracion-de-fam-en-la-123-asamblea-extraordinaria-de-fam","status":"publish","type":"post","link":"https:\/\/magistradoscorrientes.com\/magistrados\/declaracion-de-fam-en-la-123-asamblea-extraordinaria-de-fam\/","title":{"rendered":"Declaraci\u00f3n de FAM en la 123\u00b0 Asamblea Extraordinaria de FAM"},"content":{"rendered":"\n<p>La <strong>JUNTA DE GOBIERNO DE LA FEDERACI\u00d3N ARGENTINA DE LA MAGISTRATURA Y LA FUNCI\u00d3N JUDICIAL (F.A.M.),<\/strong> en Asamblea Ordinaria, realizada en la Ciudad Aut\u00f3noma de Buenos Aires los d\u00edas 31 de marzo de 2022 y 01 de abril de 2022, y luego de un extenso y profundo debate sobre los temas objeto de convocatoria y con la asistencia de los representantes de las provincias de Buenos Aires,\u00a0 \u00a0Catamarca, Chaco, \u00a0Chubut,\u00a0 \u00a0C\u00f3rdoba,\u00a0 \u00a0Corrientes,\u00a0 \u00a0Entre R\u00edos, \u00a0Formosa, Jujuy,\u00a0 \u00a0La Pampa,\u00a0 \u00a0Mendoza,\u00a0 \u00a0Neuqu\u00e9n, R\u00edo Negro, Salta, \u00a0San Juan, \u00a0San Luis, \u00a0Santiago del Estero, Santa Fe, Tucum\u00e1n y la Ciudad Aut\u00f3noma de Buenos Aires;<\/p>\n\n\n\n<p><strong>DECLARA:<\/strong><\/p>\n\n\n\n<p>1.&nbsp; &nbsp;Exhorta al Poder Ejecutivo de la provincia del Chaco a que cumpla efectivamente con la legislaci\u00f3n dictada en relaci\u00f3n a los salarios de magistrados\/as y funcionarios\/as del Poder Judicial de esa provincia. Asimismo insiste en que el camino del di\u00e1logo debe continuar a fines de alcanzar el objetivo de equiparar las remuneraciones de los\/as operadores judiciales del Chaco con la media salarial de los poderes judiciales de nuestro pa\u00eds.<\/p>\n\n\n\n<p>2.&nbsp; &nbsp;Hace un llamado, al Superior Tribunal de Justicia de la provincia de Corrientes, a que la carrera<\/p>\n\n\n\n<p>judicial del funcionariado, que es una garant\u00eda de calidad del servicio de justicia, sea respetada sin excepciones.<\/p>\n\n\n\n<p>3.&nbsp; &nbsp;Hace p\u00fablica la preocupaci\u00f3n de la Federaci\u00f3n por la situaci\u00f3n de retraso salarial que experimenta<\/p>\n\n\n\n<p>el Poder Judicial de la provincia de Corrientes, que ha impactado de manera significativa en el poder adquisitivo de los salarios y vulnera la garant\u00eda de intangibilidad, de rango constitucional.<\/p>\n\n\n\n<p>4.&nbsp; &nbsp;Destaca la decisi\u00f3n de las representaciones de la magistratura y el funcionariado y de la abogac\u00eda bonaerense de trabajar coordinadamente en pol\u00edticas para mejorar el sistema de justicia local y comunicar su situaci\u00f3n estructural y los temas que despiertan inter\u00e9s p\u00fablico en la poblaci\u00f3n. La reuni\u00f3n plenaria de las colegiaturas departamentales de ambas instituciones, agrupadas en el Colegio de Magistrados y Funcionarios y el Colegio de Abogados provincial, en la ciudad de Dolores el pasado 23 de marzo, instala un mecanismo de trabajo asociado, con fines trascendentes para la sociedad, a ser imitado por otras provincias.<\/p>\n\n\n\n<p class=\"has-text-align-right\">Ciudad Aut\u00f3noma de Buenos Aires, 01 de abril de 2022<\/p>\n\n\n\n<div class=\"wp-block-file\"><a href=\"https:\/\/magistradoscorrientes.com\/magistrados\/wp-content\/uploads\/2022\/04\/Declaracion-de-la-Junta-de-Gobierno-de-FAM-marzo-2022.pdf\"><strong>Declaracion-de-la-Junta-de-Gobierno-de-FAM-marzo-2022<\/strong><\/a><a href=\"https:\/\/magistradoscorrientes.com\/magistrados\/wp-content\/uploads\/2022\/04\/Declaracion-de-la-Junta-de-Gobierno-de-FAM-marzo-2022.pdf\" class=\"wp-block-file__button\" download>Descarga<\/a><\/div>\n\n\n\n<p><\/p>\n","protected":false},"excerpt":{"rendered":"<p>La JUNTA DE GOBIERNO DE LA FEDERACI\u00d3N ARGENTINA DE LA MAGISTRATURA Y LA FUNCI\u00d3N JUDICIAL (F.A.M.), en Asamblea Ordinaria, realizada en la Ciudad Aut\u00f3noma de Buenos Aires los d\u00edas 31 de marzo de 2022 y 01 de abril de 2022, y luego de un extenso y profundo debate sobre los temas objeto de convocatoria y con la asistencia de los [&hellip;]<\/p>\n","protected":false},"author":2,"featured_media":6199,"comment_status":"closed","ping_status":"open","sticky":false,"template":"","format":"standard","meta":{"ngg_post_thumbnail":0},"categories":[13],"tags":[],"_links":{"self":[{"href":"https:\/\/magistradoscorrientes.com\/magistrados\/wp-json\/wp\/v2\/posts\/6216"}],"collection":[{"href":"https:\/\/magistradoscorrientes.com\/magistrados\/wp-json\/wp\/v2\/posts"}],"about":[{"href":"https:\/\/magistradoscorrientes.com\/magistrados\/wp-json\/wp\/v2\/types\/post"}],"author":[{"embeddable":true,"href":"https:\/\/magistradoscorrientes.com\/magistrados\/wp-json\/wp\/v2\/users\/2"}],"replies":[{"embeddable":true,"href":"https:\/\/magistradoscorrientes.com\/magistrados\/wp-json\/wp\/v2\/comments?post=6216"}],"version-history":[{"count":1,"href":"https:\/\/magistradoscorrientes.com\/magistrados\/wp-json\/wp\/v2\/posts\/6216\/revisions"}],"predecessor-version":[{"id":6218,"href":"https:\/\/magistradoscorrientes.com\/magistrados\/wp-json\/wp\/v2\/posts\/6216\/revisions\/6218"}],"wp:featuredmedia":[{"embeddable":true,"href":"https:\/\/magistradoscorrientes.com\/magistrados\/wp-json\/wp\/v2\/media\/6199"}],"wp:attachment":[{"href":"https:\/\/magistradoscorrientes.com\/magistrados\/wp-json\/wp\/v2\/media?parent=6216"}],"wp:term":[{"taxonomy":"category","embeddable":true,"href":"https:\/\/magistradoscorrientes.com\/magistrados\/wp-json\/wp\/v2\/categories?post=6216"},{"taxonomy":"post_tag","embeddable":true,"href":"https:\/\/magistradoscorrientes.com\/magistrados\/wp-json\/wp\/v2\/tags?post=6216"}],"curies":[{"name":"wp","href":"https:\/\/api.w.org\/{rel}","templated":true}]}}