{"id":6236,"date":"2022-04-25T08:20:00","date_gmt":"2022-04-25T11:20:00","guid":{"rendered":"http:\/\/magistradoscorrientes.com\/magistrados\/?p=6236"},"modified":"2022-04-25T08:22:35","modified_gmt":"2022-04-25T11:22:35","slug":"charla-abierta-sobre-independencia-judicial-en-el-colegio","status":"publish","type":"post","link":"https:\/\/magistradoscorrientes.com\/magistrados\/charla-abierta-sobre-independencia-judicial-en-el-colegio\/","title":{"rendered":"Charla Abierta sobre \u2018\u2019Independencia Judicial\u2019\u2019 en el Colegio"},"content":{"rendered":"\n<p>En el marco de la \u2018\u2019Especializaci\u00f3n en Justicia Constitucional y Derechos Humanos\u2019\u2019 de la Universidad de Bolonia (Italia), los doctores Luca Mezzetti y Jorge Alejandro Amaya brindar\u00e1n una charla abierta sobre \u00b4\u00b4Independencia Judicial\u00b4\u00b4.<\/p>\n\n\n\n<p>El encuentro ser\u00e1 presencial en la sede de nuestro Colegio el 27 y 28 de abril, a partir de las 18hs, y podr\u00e1n ser parte los inscriptos al cursado 2022 e interesados en la tem\u00e1tica. Adem\u00e1s, tambi\u00e9n ser\u00e1 transmitido v\u00eda plataforma Zoom.<\/p>\n\n\n\n<p>Para Asociados y p\u00fablico en general que quiera estar presente en el Colegio en la jornada del 27 de abril, deber\u00e1n v\u00eda Secretar\u00eda (con Mariela) &#8211; hasta el lunes 25\/04. al mediod\u00eda) &#8211; confirmar presencia, debido a la disponibilidad del sal\u00f3n. <\/p>\n\n\n\n<p>Habr\u00e1 certificados de Asistencia: Asociados $200, NO Asociados $400 y para los inscriptos a la Especializaci\u00f3n ser\u00e1 GRATUITO. <\/p>\n\n\n\n<p>\u2705 Unirse a la reuni\u00f3n Zoom:<br>https:\/\/us02web.zoom.us\/j\/83663308424?pwd=a216NFVMSDhNRzBkMnFmUmFhZWlWUT09<\/p>\n\n\n\n<ul><li>ID de reuni\u00f3n: 836 6330 8424<\/li><li>C\u00f3digo de acceso: 054665<\/li><\/ul>\n\n\n\n<p>Los detalles de la especializaci\u00f3n se encuentran disponibles en https:\/\/idcar.com.ar\/<\/p>\n\n\n\n<p><strong>Sobre los disertantes:<\/strong><\/p>\n\n\n\n<p><strong>Prof. Dr. Luca Mezzetti<\/strong><\/p>\n\n\n\n<p>Es Doctor en Derecho P\u00fablico (Universidad de Perugia, Italia). Director de la Escuela Superior de Estudios Jur\u00eddicos de la Universidad de Bolonia, Italia. Director del M\u00e1ster en Justicia Constitucional y Derechos Humanos de la Universidad de Bolonia, Italia. Coordinatore del Corso di laurea magistrale a ciclo unico in Giurisprudenza dell\u2019universit\u00e0 di Bologna.<\/p>\n\n\n\n<p><strong>Prof. Dr. Jorge Alejandro Amaya<\/strong><\/p>\n\n\n\n<p>Doctor en Derecho (\u00e1rea constitucional) (Universidad de Buenos Aires, Argentina). Director para Latinoam\u00e9rica del Programa de Posdoctorado para doctores Iberoamericanos de la Universidad de Bolonia, Italia y de los Programas de Especializaci\u00f3n en Justicia Constitucional y Derechos Humanos.<\/p>\n","protected":false},"excerpt":{"rendered":"<p>En el marco de la \u2018\u2019Especializaci\u00f3n en Justicia Constitucional y Derechos Humanos\u2019\u2019 de la Universidad de Bolonia (Italia), los doctores Luca Mezzetti y Jorge Alejandro Amaya brindar\u00e1n una charla abierta sobre \u00b4\u00b4Independencia Judicial\u00b4\u00b4. El encuentro ser\u00e1 presencial en la sede de nuestro Colegio el 27 y 28 de abril, a partir de las 18hs, y podr\u00e1n ser parte los inscriptos [&hellip;]<\/p>\n","protected":false},"author":2,"featured_media":6237,"comment_status":"closed","ping_status":"open","sticky":false,"template":"","format":"standard","meta":{"ngg_post_thumbnail":0},"categories":[13],"tags":[],"_links":{"self":[{"href":"https:\/\/magistradoscorrientes.com\/magistrados\/wp-json\/wp\/v2\/posts\/6236"}],"collection":[{"href":"https:\/\/magistradoscorrientes.com\/magistrados\/wp-json\/wp\/v2\/posts"}],"about":[{"href":"https:\/\/magistradoscorrientes.com\/magistrados\/wp-json\/wp\/v2\/types\/post"}],"author":[{"embeddable":true,"href":"https:\/\/magistradoscorrientes.com\/magistrados\/wp-json\/wp\/v2\/users\/2"}],"replies":[{"embeddable":true,"href":"https:\/\/magistradoscorrientes.com\/magistrados\/wp-json\/wp\/v2\/comments?post=6236"}],"version-history":[{"count":3,"href":"https:\/\/magistradoscorrientes.com\/magistrados\/wp-json\/wp\/v2\/posts\/6236\/revisions"}],"predecessor-version":[{"id":6293,"href":"https:\/\/magistradoscorrientes.com\/magistrados\/wp-json\/wp\/v2\/posts\/6236\/revisions\/6293"}],"wp:featuredmedia":[{"embeddable":true,"href":"https:\/\/magistradoscorrientes.com\/magistrados\/wp-json\/wp\/v2\/media\/6237"}],"wp:attachment":[{"href":"https:\/\/magistradoscorrientes.com\/magistrados\/wp-json\/wp\/v2\/media?parent=6236"}],"wp:term":[{"taxonomy":"category","embeddable":true,"href":"https:\/\/magistradoscorrientes.com\/magistrados\/wp-json\/wp\/v2\/categories?post=6236"},{"taxonomy":"post_tag","embeddable":true,"href":"https:\/\/magistradoscorrientes.com\/magistrados\/wp-json\/wp\/v2\/tags?post=6236"}],"curies":[{"name":"wp","href":"https:\/\/api.w.org\/{rel}","templated":true}]}}