{"id":624,"date":"2020-09-28T22:14:13","date_gmt":"2020-09-29T01:14:13","guid":{"rendered":"http:\/\/magistradoscorrientes.com\/magistrados\/?p=624"},"modified":"2020-10-01T18:16:09","modified_gmt":"2020-10-01T21:16:09","slug":"exposicion-de-ariel-ariza-ante-el-consejo-consultivo-asesor-de-presidencia-de-la-nacion","status":"publish","type":"post","link":"https:\/\/magistradoscorrientes.com\/magistrados\/exposicion-de-ariel-ariza-ante-el-consejo-consultivo-asesor-de-presidencia-de-la-nacion\/","title":{"rendered":"Exposici\u00f3n de Ariel Ariza ante el Consejo Consultivo asesor de Presidencia de la Naci\u00f3n"},"content":{"rendered":"\n<p>El presidente de la FAM, Ariel Ariza, aport\u00f3 las reflexiones, ideas y propuestas de la Federaci\u00f3n ante el Consejo Consultivo para el Fortalecimiento del Poder Judicial y del Ministerio P\u00fablico, creado por decreto del PEN 635\/2020 para elaborar un dictamen con las propuestas y recomendaciones y ponerlas a disposici\u00f3n de la presidencia de la Naci\u00f3n. La FAM aport\u00f3 su mirada para abordar de manera integral el fortalecimiento de la Justicia Federal y las Justicias Ordinarias provinciales y de la CABA.<\/p>\n\n\n\n<figure class=\"wp-block-embed-youtube wp-block-embed is-type-video is-provider-youtube wp-embed-aspect-16-9 wp-has-aspect-ratio\"><div class=\"wp-block-embed__wrapper\">\n<iframe title=\"Dr Ariel Ariza Presidente FAM  Consejo consultivo\" width=\"640\" height=\"360\" src=\"https:\/\/www.youtube.com\/embed\/GrIbHsAVr94?feature=oembed\" frameborder=\"0\" allow=\"accelerometer; autoplay; clipboard-write; encrypted-media; gyroscope; picture-in-picture\" allowfullscreen><\/iframe>\n<\/div><\/figure>\n\n\n\n<p>Entre los puntos sobresalientes que fueron planteados cabe subrayar la necesidad de resolver la asimetr\u00eda salarial existentes en las diferentes regionales del pa\u00eds, la paridad de g\u00e9nero en la selecci\u00f3n de cobertura de vacantes, independencia judicial con especial mirada en la independencia interna, o sea que los jueces no deben tener la presi\u00f3n de un \u00f3rgano jer\u00e1rquicamente superior, ser cuidadosos en la composici\u00f3n del Consejo de la Magistratura, ya que la preeminencia de los \u00f3rganos pol\u00edticos -como efectivamente viene sucediendo-, amenaza seriamente la independencia del Poder Judicial d y lo somete a una indeseada politizaci\u00f3n, y con respecto a la Corte Suprema de Justicia, es deseable mejoras pero no se advierte la necesidad de modificar la cantidad de miembros, entre otras tem\u00e1ticas fundamentes.<\/p>\n","protected":false},"excerpt":{"rendered":"<p>El presidente de la FAM, Ariel Ariza, aport\u00f3 las reflexiones, ideas y propuestas de la Federaci\u00f3n ante el Consejo Consultivo para el Fortalecimiento del Poder Judicial y del Ministerio P\u00fablico, creado por decreto del PEN 635\/2020 para elaborar un dictamen con las propuestas y recomendaciones y ponerlas a disposici\u00f3n de la presidencia de la Naci\u00f3n. <\/p>\n","protected":false},"author":1,"featured_media":626,"comment_status":"closed","ping_status":"open","sticky":false,"template":"","format":"standard","meta":{"ngg_post_thumbnail":0},"categories":[13],"tags":[],"_links":{"self":[{"href":"https:\/\/magistradoscorrientes.com\/magistrados\/wp-json\/wp\/v2\/posts\/624"}],"collection":[{"href":"https:\/\/magistradoscorrientes.com\/magistrados\/wp-json\/wp\/v2\/posts"}],"about":[{"href":"https:\/\/magistradoscorrientes.com\/magistrados\/wp-json\/wp\/v2\/types\/post"}],"author":[{"embeddable":true,"href":"https:\/\/magistradoscorrientes.com\/magistrados\/wp-json\/wp\/v2\/users\/1"}],"replies":[{"embeddable":true,"href":"https:\/\/magistradoscorrientes.com\/magistrados\/wp-json\/wp\/v2\/comments?post=624"}],"version-history":[{"count":0,"href":"https:\/\/magistradoscorrientes.com\/magistrados\/wp-json\/wp\/v2\/posts\/624\/revisions"}],"wp:featuredmedia":[{"embeddable":true,"href":"https:\/\/magistradoscorrientes.com\/magistrados\/wp-json\/wp\/v2\/media\/626"}],"wp:attachment":[{"href":"https:\/\/magistradoscorrientes.com\/magistrados\/wp-json\/wp\/v2\/media?parent=624"}],"wp:term":[{"taxonomy":"category","embeddable":true,"href":"https:\/\/magistradoscorrientes.com\/magistrados\/wp-json\/wp\/v2\/categories?post=624"},{"taxonomy":"post_tag","embeddable":true,"href":"https:\/\/magistradoscorrientes.com\/magistrados\/wp-json\/wp\/v2\/tags?post=624"}],"curies":[{"name":"wp","href":"https:\/\/api.w.org\/{rel}","templated":true}]}}