{"id":6295,"date":"2022-04-27T11:58:04","date_gmt":"2022-04-27T14:58:04","guid":{"rendered":"http:\/\/magistradoscorrientes.com\/magistrados\/?p=6295"},"modified":"2022-04-27T11:58:04","modified_gmt":"2022-04-27T14:58:04","slug":"proclaman-representantes-para-el-jurado-de-enjuiciamiento-y-consejo-de-la-magistratura","status":"publish","type":"post","link":"https:\/\/magistradoscorrientes.com\/magistrados\/proclaman-representantes-para-el-jurado-de-enjuiciamiento-y-consejo-de-la-magistratura\/","title":{"rendered":"Proclaman representantes para el Jurado de Enjuiciamiento y Consejo de la Magistratura"},"content":{"rendered":"\n<p>En <strong>ACTA N\u00b0 4:<\/strong>\u00a0 En la ciudad de Corrientes, a los veinticinco d\u00edas del mes de abril del a\u00f1o dos mil veintid\u00f3s, se re\u00fanen los integrantes del Tribunal Electoral del Colegio de Magistrados y Funcionarios de la Provincia de\u00a0 Corrientes, las Dras. Mar\u00eda Teresa Zacar\u00edas, Rosana Ester Magan y Adriana Mar\u00eda Camino, en el marco de la organizaci\u00f3n de las elecciones de representantes -titulares y suplentes- que pasaran a formar parte del Consejo de la Magistratura y el Jurado de Enjuiciamiento\u00a0 de conformidad a lo establecido el Reglamento de selecci\u00f3n de integrantes del Consejo de la Magistratura y del Jurado de Enjuiciamiento, y en cumplimiento de la delegaci\u00f3n efectuada por el Excmo. Superior Tribunal de Justicia por Acuerdo N\u00b0 19\/14 pto. 16&#8230;<\/p>\n\n\n\n<p><strong>RESUELVEN:<\/strong><\/p>\n\n\n\n<p>1\u00b0) Aprobar la lista de postulantes presentada por la agrupaci\u00f3n \u201cEN UNIDAD\u201d para la&nbsp; renovaci\u00f3n de las autoridades correspondientes a JURADO DE ENJUICIAMIENTO.<\/p>\n\n\n\n<p>2\u00b0) Aprobar la lista de postulantes presentada por la agrupaci\u00f3n \u201cUNIDAD Y COMPROMISO\u201d para la&nbsp; renovaci\u00f3n de las autoridades correspondientes al CONSEJO DE LA MAGISTRATURA.<\/p>\n\n\n\n<p>3\u00b0) Proclamar como representantes del<strong> JURADO DE ENJUICIAMIENTO <\/strong>a:<\/p>\n\n\n\n<p>Titular: Dr. DIEGO ROBERTO N\u00da\u00d1EZ HUEL &#8211; (M.I.N\u00b0: 23.002.581) \u2013 Juez de la C\u00e1mara de Apelaciones en lo Criminal de la Primera circunscripci\u00f3n judicial de la Provincia,<\/p>\n\n\n\n<p>Suplente: Dr. GUSTAVO SEBASTI\u00c1N S\u00c1NCHEZ MARI\u00d1O &#8211; (M.I.N: 13.249.005) \u2013 Juez de la C\u00e1mara de Apelaciones en lo Laboral de la Provincia.<\/p>\n\n\n\n<p>4\u00b0) Proclamar como representantes del <strong>CONSEJO DE LA MAGISTRATURA a:<\/strong><\/p>\n\n\n\n<p>Titular: Dr. GUSTAVO ALEJANDRO ROUBINEAU \u2013 (M.I.N\u00b0: 20.780.481) &#8211;&nbsp; Fiscal de la Fiscal\u00eda de Instrucci\u00f3n N\u00b0 6<\/p>\n\n\n\n<p>Suplente: MAR\u00cdA BEATRIZ BEN\u00cdTEZ DE R\u00cdOS BRISCO \u2013 (M.I.N\u00b0: 13.120.927) &#8211; Juez de la C\u00e1mara de apelaciones en lo Civil y Comercial de la Primera circunscripci\u00f3n judicial de la Provincia&#8230;.<\/p>\n\n\n\n<div class=\"wp-block-file\"><a href=\"https:\/\/magistradoscorrientes.com\/magistrados\/wp-content\/uploads\/2022\/04\/ACTA-N\u00b04-22-OFICIALIZACION-Y-PROCALMACION-SIN-ELECCIONES.pdf\"><strong>ACTA-N\u00b04-22-OFICIALIZACION-Y-PROCALMACIO<\/strong>N-SIN-ELECCIONES<\/a><a href=\"https:\/\/magistradoscorrientes.com\/magistrados\/wp-content\/uploads\/2022\/04\/ACTA-N\u00b04-22-OFICIALIZACION-Y-PROCALMACION-SIN-ELECCIONES.pdf\" class=\"wp-block-file__button\" download>Descarga<\/a><\/div>\n","protected":false},"excerpt":{"rendered":"<p>En ACTA N\u00b0 4:\u00a0 En la ciudad de Corrientes, a los veinticinco d\u00edas del mes de abril del a\u00f1o dos mil veintid\u00f3s, se re\u00fanen los integrantes del Tribunal Electoral del Colegio de Magistrados y Funcionarios de la Provincia de\u00a0 Corrientes, las Dras. Mar\u00eda Teresa Zacar\u00edas, Rosana Ester Magan y Adriana Mar\u00eda Camino, en el marco de la organizaci\u00f3n de las [&hellip;]<\/p>\n","protected":false},"author":2,"featured_media":6260,"comment_status":"closed","ping_status":"open","sticky":false,"template":"","format":"standard","meta":{"ngg_post_thumbnail":0},"categories":[13],"tags":[],"_links":{"self":[{"href":"https:\/\/magistradoscorrientes.com\/magistrados\/wp-json\/wp\/v2\/posts\/6295"}],"collection":[{"href":"https:\/\/magistradoscorrientes.com\/magistrados\/wp-json\/wp\/v2\/posts"}],"about":[{"href":"https:\/\/magistradoscorrientes.com\/magistrados\/wp-json\/wp\/v2\/types\/post"}],"author":[{"embeddable":true,"href":"https:\/\/magistradoscorrientes.com\/magistrados\/wp-json\/wp\/v2\/users\/2"}],"replies":[{"embeddable":true,"href":"https:\/\/magistradoscorrientes.com\/magistrados\/wp-json\/wp\/v2\/comments?post=6295"}],"version-history":[{"count":1,"href":"https:\/\/magistradoscorrientes.com\/magistrados\/wp-json\/wp\/v2\/posts\/6295\/revisions"}],"predecessor-version":[{"id":6297,"href":"https:\/\/magistradoscorrientes.com\/magistrados\/wp-json\/wp\/v2\/posts\/6295\/revisions\/6297"}],"wp:featuredmedia":[{"embeddable":true,"href":"https:\/\/magistradoscorrientes.com\/magistrados\/wp-json\/wp\/v2\/media\/6260"}],"wp:attachment":[{"href":"https:\/\/magistradoscorrientes.com\/magistrados\/wp-json\/wp\/v2\/media?parent=6295"}],"wp:term":[{"taxonomy":"category","embeddable":true,"href":"https:\/\/magistradoscorrientes.com\/magistrados\/wp-json\/wp\/v2\/categories?post=6295"},{"taxonomy":"post_tag","embeddable":true,"href":"https:\/\/magistradoscorrientes.com\/magistrados\/wp-json\/wp\/v2\/tags?post=6295"}],"curies":[{"name":"wp","href":"https:\/\/api.w.org\/{rel}","templated":true}]}}