{"id":6378,"date":"2022-05-12T09:26:59","date_gmt":"2022-05-12T12:26:59","guid":{"rendered":"http:\/\/magistradoscorrientes.com\/magistrados\/?p=6378"},"modified":"2022-05-12T09:26:59","modified_gmt":"2022-05-12T12:26:59","slug":"autoridades-del-colegio-visitan-esquina-para-reunion-de-cd","status":"publish","type":"post","link":"https:\/\/magistradoscorrientes.com\/magistrados\/autoridades-del-colegio-visitan-esquina-para-reunion-de-cd\/","title":{"rendered":"Autoridades del Colegio visitan Esquina para reuni\u00f3n de CD"},"content":{"rendered":"\n<p>El Colegio nuevamente llevar\u00e1 a cabo un encuentro de la propuesta <strong>\u00abCOLEGIO ITINERANTE\u00bb,<\/strong> visitando las localidades del interior de la provincia con el fin de mantener reuniones informativas y tener intercambio con Asociados y No Asociados.<\/p>\n\n\n\n<p>El objetivo del nuevo encuentro es conocer sus problem\u00e1ticas, necesidades e inquietudes, y acercarles informaci\u00f3n de primera mano sobre las actividades, servicios y gestiones promovidas por la Instituci\u00f3n.<\/p>\n\n\n\n<p><strong>PR\u00d3XIMA REUNI\u00d3N DE CD EN ESQUINA<\/strong><\/p>\n\n\n\n<p>\ud83d\udccc <strong>ESQUINA:<\/strong> viernes 13\/05\/2022<br>Hora: 17 hs<br>Lugar: Teatro (Avenida Mitre y Lamela &#8211; Esquina, Corrientes)<\/p>\n\n\n\n<p>ID v\u00eda Zoom: 9095763867<br>Contrase\u00f1a: 804100<br>https:\/\/us02web.zoom.us\/j\/9095763867?pwd=MVVxLzBENGgxdlpXbGlGSEZKK2NCQT09<\/p>\n\n\n\n<p><strong>TEMARIO:<\/strong><\/p>\n\n\n\n<p>1- Informe de Presidencia (Notas \u2013 resoluciones \u2013 convenios &#8211; actividades acad\u00e9micas y gestiones realizadas y a realizar).<br>2- Informes de Comisiones.<br>3- Temas asociados del interior.<br>4- Altas y Bajas.<\/p>\n\n\n\n<p>Renovamos el compromiso de escuchar los planteos y las necesidades de los magistrados y funcionarios de toda la provincia.<\/p>\n\n\n\n<p>Los esperamos a todos\/as.<\/p>\n\n\n\n<p>\u00a1Muchas gracias!<\/p>\n","protected":false},"excerpt":{"rendered":"<p>El Colegio nuevamente llevar\u00e1 a cabo un encuentro de la propuesta \u00abCOLEGIO ITINERANTE\u00bb, visitando las localidades del interior de la provincia con el fin de mantener reuniones informativas y tener intercambio con Asociados y No Asociados. El objetivo del nuevo encuentro es conocer sus problem\u00e1ticas, necesidades e inquietudes, y acercarles informaci\u00f3n de primera mano sobre las actividades, servicios y gestiones [&hellip;]<\/p>\n","protected":false},"author":2,"featured_media":6379,"comment_status":"closed","ping_status":"open","sticky":false,"template":"","format":"standard","meta":{"ngg_post_thumbnail":0},"categories":[13],"tags":[],"_links":{"self":[{"href":"https:\/\/magistradoscorrientes.com\/magistrados\/wp-json\/wp\/v2\/posts\/6378"}],"collection":[{"href":"https:\/\/magistradoscorrientes.com\/magistrados\/wp-json\/wp\/v2\/posts"}],"about":[{"href":"https:\/\/magistradoscorrientes.com\/magistrados\/wp-json\/wp\/v2\/types\/post"}],"author":[{"embeddable":true,"href":"https:\/\/magistradoscorrientes.com\/magistrados\/wp-json\/wp\/v2\/users\/2"}],"replies":[{"embeddable":true,"href":"https:\/\/magistradoscorrientes.com\/magistrados\/wp-json\/wp\/v2\/comments?post=6378"}],"version-history":[{"count":1,"href":"https:\/\/magistradoscorrientes.com\/magistrados\/wp-json\/wp\/v2\/posts\/6378\/revisions"}],"predecessor-version":[{"id":6380,"href":"https:\/\/magistradoscorrientes.com\/magistrados\/wp-json\/wp\/v2\/posts\/6378\/revisions\/6380"}],"wp:featuredmedia":[{"embeddable":true,"href":"https:\/\/magistradoscorrientes.com\/magistrados\/wp-json\/wp\/v2\/media\/6379"}],"wp:attachment":[{"href":"https:\/\/magistradoscorrientes.com\/magistrados\/wp-json\/wp\/v2\/media?parent=6378"}],"wp:term":[{"taxonomy":"category","embeddable":true,"href":"https:\/\/magistradoscorrientes.com\/magistrados\/wp-json\/wp\/v2\/categories?post=6378"},{"taxonomy":"post_tag","embeddable":true,"href":"https:\/\/magistradoscorrientes.com\/magistrados\/wp-json\/wp\/v2\/tags?post=6378"}],"curies":[{"name":"wp","href":"https:\/\/api.w.org\/{rel}","templated":true}]}}