{"id":6381,"date":"2022-05-12T09:31:52","date_gmt":"2022-05-12T12:31:52","guid":{"rendered":"http:\/\/magistradoscorrientes.com\/magistrados\/?p=6381"},"modified":"2022-05-12T09:31:52","modified_gmt":"2022-05-12T12:31:52","slug":"declaracion-de-fam-por-el-asesinato-del-fiscal-marcelo-pecci","status":"publish","type":"post","link":"https:\/\/magistradoscorrientes.com\/magistrados\/declaracion-de-fam-por-el-asesinato-del-fiscal-marcelo-pecci\/","title":{"rendered":"Declaraci\u00f3n de FAM por el asesinato del fiscal Marcelo Pecci"},"content":{"rendered":"\n<p>Compartimos la declaraci\u00f3n de FAM por el asesinato del fiscal Marcelo Pecci<\/p>\n\n\n\n<p><em>La Federaci\u00f3n Argentina de la Magistratura y la Funci\u00f3n Judicial expresa su consternaci\u00f3n y repudio al asesinato artero de Marcelo Pecci, fiscal en funciones de la Rep\u00fablica del Paraguay.<\/em><\/p>\n\n\n\n<p><em>Es imprescindible que se hagan los mayores esfuerzos para esclarecer un hecho tan grave para la vigencia del estado constitucional de derecho y que los responsables sean identificados y juzgados.<\/em><\/p>\n\n\n\n<p><em>En nombre del funcionariado y la magistratura de todas las provincias y de CABA, hacemos llegar nuestra solidaridad y condolencias a su familia, allegados\/as y colegas en este dif\u00edcil momento.<\/em><\/p>\n\n\n\n<p>Adjuntamos el comunicado. <\/p>\n\n\n\n<div class=\"wp-block-file\"><a href=\"https:\/\/magistradoscorrientes.com\/magistrados\/wp-content\/uploads\/2022\/05\/Declaracio\u0301n-FAM-Asesinato-del-fiscal-Pecci-mayo-2022.pdf\"><strong>Declaracio\u0301n-FAM-Asesinato-del-fiscal-Pecci-mayo-2022<\/strong><\/a><a href=\"https:\/\/magistradoscorrientes.com\/magistrados\/wp-content\/uploads\/2022\/05\/Declaracio\u0301n-FAM-Asesinato-del-fiscal-Pecci-mayo-2022.pdf\" class=\"wp-block-file__button\" download>Descarga<\/a><\/div>\n","protected":false},"excerpt":{"rendered":"<p>Compartimos la declaraci\u00f3n de FAM por el asesinato del fiscal Marcelo Pecci La Federaci\u00f3n Argentina de la Magistratura y la Funci\u00f3n Judicial expresa su consternaci\u00f3n y repudio al asesinato artero de Marcelo Pecci, fiscal en funciones de la Rep\u00fablica del Paraguay. Es imprescindible que se hagan los mayores esfuerzos para esclarecer un hecho tan grave para la vigencia del estado [&hellip;]<\/p>\n","protected":false},"author":2,"featured_media":6383,"comment_status":"closed","ping_status":"open","sticky":false,"template":"","format":"standard","meta":{"ngg_post_thumbnail":0},"categories":[13],"tags":[],"_links":{"self":[{"href":"https:\/\/magistradoscorrientes.com\/magistrados\/wp-json\/wp\/v2\/posts\/6381"}],"collection":[{"href":"https:\/\/magistradoscorrientes.com\/magistrados\/wp-json\/wp\/v2\/posts"}],"about":[{"href":"https:\/\/magistradoscorrientes.com\/magistrados\/wp-json\/wp\/v2\/types\/post"}],"author":[{"embeddable":true,"href":"https:\/\/magistradoscorrientes.com\/magistrados\/wp-json\/wp\/v2\/users\/2"}],"replies":[{"embeddable":true,"href":"https:\/\/magistradoscorrientes.com\/magistrados\/wp-json\/wp\/v2\/comments?post=6381"}],"version-history":[{"count":1,"href":"https:\/\/magistradoscorrientes.com\/magistrados\/wp-json\/wp\/v2\/posts\/6381\/revisions"}],"predecessor-version":[{"id":6384,"href":"https:\/\/magistradoscorrientes.com\/magistrados\/wp-json\/wp\/v2\/posts\/6381\/revisions\/6384"}],"wp:featuredmedia":[{"embeddable":true,"href":"https:\/\/magistradoscorrientes.com\/magistrados\/wp-json\/wp\/v2\/media\/6383"}],"wp:attachment":[{"href":"https:\/\/magistradoscorrientes.com\/magistrados\/wp-json\/wp\/v2\/media?parent=6381"}],"wp:term":[{"taxonomy":"category","embeddable":true,"href":"https:\/\/magistradoscorrientes.com\/magistrados\/wp-json\/wp\/v2\/categories?post=6381"},{"taxonomy":"post_tag","embeddable":true,"href":"https:\/\/magistradoscorrientes.com\/magistrados\/wp-json\/wp\/v2\/tags?post=6381"}],"curies":[{"name":"wp","href":"https:\/\/api.w.org\/{rel}","templated":true}]}}