{"id":6386,"date":"2022-05-13T14:17:05","date_gmt":"2022-05-13T17:17:05","guid":{"rendered":"http:\/\/magistradoscorrientes.com\/magistrados\/?p=6386"},"modified":"2022-05-13T14:26:49","modified_gmt":"2022-05-13T17:26:49","slug":"talleres-anti-estres-en-paso-de-los-libres-y-monte-caseros","status":"publish","type":"post","link":"https:\/\/magistradoscorrientes.com\/magistrados\/talleres-anti-estres-en-paso-de-los-libres-y-monte-caseros\/","title":{"rendered":"Talleres Anti Estr\u00e9s en Paso de los Libres y Monte Caseros"},"content":{"rendered":"\n<p>Entendiendo que el bienestar en el trabajo es el principal motor de eficiencia y satisfacci\u00f3n en las organizaciones y por ello, la gesti\u00f3n del estr\u00e9s es un elemento clave del clima laboral saludable, el <strong>Colegio de Magistrados y Funcionarios Poder Judicial de la Provincia de Corrientes<\/strong> junto a la <em><strong>Consultora Laboral CA.PRO.SER<\/strong><\/em>, invitan a magistrados, funcionarios y empleados del Poder Judicial en general, a sumarse a los <em><strong>\u2018\u2019Talleres Anti Estr\u00e9s\u2019\u2019<\/strong><\/em> a desarrollarse en las localidades de Paso de los Libres y Monte Caseros.<\/p>\n\n\n\n<p>La propuesta estar\u00e1 a cargo de la <em><strong>Consultora Laboral CA.PRO.SER<\/strong><\/em> y se desarrollar\u00e1n bajo la modalidad de taller te\u00f3rico &#8211; pr\u00e1ctico de vivencia grupal, con t\u00e9cnicas de din\u00e1mica de grupo, actividades l\u00fadicas y role playing (juego de roles).<\/p>\n\n\n\n<p>El taller en <em><strong>Paso de los Libres<\/strong><\/em> ser\u00e1 el viernes 20 de mayo, de 17 a 20hs en la chacra Sigillo.<\/p>\n\n\n\n<p>En <strong><em>Monte Caseros<\/em>,<\/strong> ser\u00e1 el s\u00e1bado 20 de mayo, de 9 a 12, en el Club de Regatas (Costanera y San Mart\u00edn).<\/p>\n\n\n\n<p><\/p>\n\n\n\n<p>Cabe recordar que el objetivo de estos talleres es conocer e incorporar herramientas y t\u00e9cnicas para gestionar el estr\u00e9s en contexto laboral y desarrollar la motivaci\u00f3n y productividad a trav\u00e9s del bienestar laboral.<\/p>\n\n\n\n<p>Los interesados en asistir pueden inscribirse a trav\u00e9s del correo secretariacolegiomagistrados@gmail.com o del tel\u00e9fono 0379 \u2013 4426198.<\/p>\n\n\n\n<figure class=\"wp-block-gallery columns-2 is-cropped\"><ul class=\"blocks-gallery-grid\"><li class=\"blocks-gallery-item\"><figure><img loading=\"lazy\" width=\"730\" height=\"1024\" src=\"http:\/\/magistradoscorrientes.com\/magistrados\/wp-content\/uploads\/2022\/05\/Monte-Caseros-730x1024.jpeg\" alt=\"\" data-id=\"6387\" data-full-url=\"http:\/\/magistradoscorrientes.com\/magistrados\/wp-content\/uploads\/2022\/05\/Monte-Caseros.jpeg\" data-link=\"http:\/\/magistradoscorrientes.com\/magistrados\/?attachment_id=6387\" class=\"wp-image-6387\" srcset=\"https:\/\/magistradoscorrientes.com\/magistrados\/wp-content\/uploads\/2022\/05\/Monte-Caseros-730x1024.jpeg 730w, https:\/\/magistradoscorrientes.com\/magistrados\/wp-content\/uploads\/2022\/05\/Monte-Caseros-214x300.jpeg 214w, https:\/\/magistradoscorrientes.com\/magistrados\/wp-content\/uploads\/2022\/05\/Monte-Caseros-768x1077.jpeg 768w, https:\/\/magistradoscorrientes.com\/magistrados\/wp-content\/uploads\/2022\/05\/Monte-Caseros.jpeg 913w\" sizes=\"(max-width: 730px) 100vw, 730px\" \/><\/figure><\/li><li class=\"blocks-gallery-item\"><figure><img loading=\"lazy\" width=\"730\" height=\"1024\" src=\"http:\/\/magistradoscorrientes.com\/magistrados\/wp-content\/uploads\/2022\/05\/Paso-de-los-Libres-730x1024.jpeg\" alt=\"\" data-id=\"6388\" data-full-url=\"http:\/\/magistradoscorrientes.com\/magistrados\/wp-content\/uploads\/2022\/05\/Paso-de-los-Libres.jpeg\" data-link=\"http:\/\/magistradoscorrientes.com\/magistrados\/?attachment_id=6388\" class=\"wp-image-6388\" srcset=\"https:\/\/magistradoscorrientes.com\/magistrados\/wp-content\/uploads\/2022\/05\/Paso-de-los-Libres-730x1024.jpeg 730w, https:\/\/magistradoscorrientes.com\/magistrados\/wp-content\/uploads\/2022\/05\/Paso-de-los-Libres-214x300.jpeg 214w, https:\/\/magistradoscorrientes.com\/magistrados\/wp-content\/uploads\/2022\/05\/Paso-de-los-Libres-768x1077.jpeg 768w, https:\/\/magistradoscorrientes.com\/magistrados\/wp-content\/uploads\/2022\/05\/Paso-de-los-Libres.jpeg 913w\" sizes=\"(max-width: 730px) 100vw, 730px\" \/><\/figure><\/li><\/ul><\/figure>\n\n\n\n<p><strong>Antecedentes de la iniciativa del 2018: <\/strong><\/p>\n\n\n\n<ul><li><a href=\"https:\/\/magistradoscorrientes.com\/magistrados\/el-colegio-impulsa-un-plan-de-accion-para-resolucion-de-conflictos-de-oficinas\/\">https:\/\/magistradoscorrientes.com\/magistrados\/el-colegio-impulsa-un-plan-de-accion-para-resolucion-de-conflictos-de-oficinas\/<\/a><\/li><\/ul>\n\n\n\n<p><\/p>\n\n\n\n<ul><li><a href=\"https:\/\/magistradoscorrientes.com\/magistrados\/el-colegio-encarara-un-programa-de-accion-por-conflictos-y-estres-laboral\/\">https:\/\/magistradoscorrientes.com\/magistrados\/el-colegio-encarara-un-programa-de-accion-por-conflictos-y-estres-laboral\/<\/a><\/li><\/ul>\n","protected":false},"excerpt":{"rendered":"<p>Entendiendo que el bienestar en el trabajo es el principal motor de eficiencia y satisfacci\u00f3n en las organizaciones y por ello, la gesti\u00f3n del estr\u00e9s es un elemento clave del clima laboral saludable, el Colegio de Magistrados y Funcionarios Poder Judicial de la Provincia de Corrientes junto a la Consultora Laboral CA.PRO.SER, invitan a magistrados, funcionarios y empleados del Poder [&hellip;]<\/p>\n","protected":false},"author":2,"featured_media":6390,"comment_status":"closed","ping_status":"open","sticky":false,"template":"","format":"standard","meta":{"ngg_post_thumbnail":0},"categories":[13],"tags":[],"_links":{"self":[{"href":"https:\/\/magistradoscorrientes.com\/magistrados\/wp-json\/wp\/v2\/posts\/6386"}],"collection":[{"href":"https:\/\/magistradoscorrientes.com\/magistrados\/wp-json\/wp\/v2\/posts"}],"about":[{"href":"https:\/\/magistradoscorrientes.com\/magistrados\/wp-json\/wp\/v2\/types\/post"}],"author":[{"embeddable":true,"href":"https:\/\/magistradoscorrientes.com\/magistrados\/wp-json\/wp\/v2\/users\/2"}],"replies":[{"embeddable":true,"href":"https:\/\/magistradoscorrientes.com\/magistrados\/wp-json\/wp\/v2\/comments?post=6386"}],"version-history":[{"count":3,"href":"https:\/\/magistradoscorrientes.com\/magistrados\/wp-json\/wp\/v2\/posts\/6386\/revisions"}],"predecessor-version":[{"id":6392,"href":"https:\/\/magistradoscorrientes.com\/magistrados\/wp-json\/wp\/v2\/posts\/6386\/revisions\/6392"}],"wp:featuredmedia":[{"embeddable":true,"href":"https:\/\/magistradoscorrientes.com\/magistrados\/wp-json\/wp\/v2\/media\/6390"}],"wp:attachment":[{"href":"https:\/\/magistradoscorrientes.com\/magistrados\/wp-json\/wp\/v2\/media?parent=6386"}],"wp:term":[{"taxonomy":"category","embeddable":true,"href":"https:\/\/magistradoscorrientes.com\/magistrados\/wp-json\/wp\/v2\/categories?post=6386"},{"taxonomy":"post_tag","embeddable":true,"href":"https:\/\/magistradoscorrientes.com\/magistrados\/wp-json\/wp\/v2\/tags?post=6386"}],"curies":[{"name":"wp","href":"https:\/\/api.w.org\/{rel}","templated":true}]}}