{"id":6397,"date":"2022-05-16T15:50:47","date_gmt":"2022-05-16T18:50:47","guid":{"rendered":"http:\/\/magistradoscorrientes.com\/magistrados\/?p=6397"},"modified":"2022-05-16T16:16:02","modified_gmt":"2022-05-16T19:16:02","slug":"resumen-de-cd-en-esquina-abril-2022","status":"publish","type":"post","link":"https:\/\/magistradoscorrientes.com\/magistrados\/resumen-de-cd-en-esquina-abril-2022\/","title":{"rendered":"Resumen de CD en Esquina \u2013 Abril 2022"},"content":{"rendered":"\n<p>El viernes 13 de mayo en Esquina se llev\u00f3 a cabo la reuni\u00f3n de Comisi\u00f3n Directiva del Colegio, con la presencia de integrantes de la misma y otros que acompa\u00f1aron de manera virtual junto a Asociados.<\/p>\n\n\n\n<p>Rindiendo cuentas de las notas presentadas y gestiones realizadas, se coment\u00f3 que previo a la organizaci\u00f3n de la <a href=\"https:\/\/magistradoscorrientes.com\/magistrados\/distinguidos-juristas-internacionales-disertaron-en-el-colegio\/\"><strong>\u2018\u2019Charla Abierta sobre Independencia Judicial\u2019\u2019<\/strong><\/a> realizada en el Colegio el 27 y 28 de abril, se cursaron invitaciones a representantes del Poder Ejecutivo y del Poder Legislativo, logr\u00e1ndose una importante concurrencia por parte de estos \u00faltimos.<\/p>\n\n\n\n<p>La reuni\u00f3n acad\u00e9mica, adem\u00e1s de la solvencia de profesores, ilustr\u00f3 sobre conceptos fundamentales que sustentan el sistema republicano, fortaleci\u00f3 la vinculaci\u00f3n institucional del Colegio con el Poder Legislativo, lo que permitir\u00e1 concretar aportes a proyectos legislativos en curso y presentar iniciativas que mejoren el servicio de justicia.<\/p>\n\n\n\n<p>Se hizo referencia a las gestiones realizadas en defensa de las remuneraciones que lograron el adelantamiento del porcentaje salarial de junio para fines de abril, las que se han realizado en forma conjunta con los trabajadores judiciales.<\/p>\n\n\n\n<p>En ese sentido, se decidi\u00f3 acompa\u00f1ar el pedido de adelantamiento de lo previsto para septiembre realizado por el sindicato en d\u00edas pasados e insistir en la formaci\u00f3n de la mesa de trabajo para defensa del presupuesto del poder judicial y las remuneraciones de los agentes judiciales.<\/p>\n\n\n\n<p>Tambi\u00e9n se coment\u00f3 acerca de las diferentes reuniones mantenidas con el Sr. Presidente del STJ por el tema salarial, como as\u00ed tambi\u00e9n con el <strong><a href=\"https:\/\/magistradoscorrientes.com\/magistrados\/visita-protocolar-al-sr-ministro-de-justicia-y-derechos-humanos-de-la-provincia\/\">Sr. Ministro de Justicia y Derechos Humanos<\/a><\/strong>, quien recibi\u00f3 en visita protocolar a integrantes de la Comisi\u00f3n directiva, mostr\u00e1ndose interesado en colaborar con las propuestas del Colegio.<\/p>\n\n\n\n<figure class=\"wp-block-image size-large\"><img loading=\"lazy\" width=\"1024\" height=\"768\" src=\"http:\/\/magistradoscorrientes.com\/magistrados\/wp-content\/uploads\/2022\/05\/WhatsApp-Image-2022-05-13-at-5.40.50-PM-2-1024x768.jpeg\" alt=\"\" class=\"wp-image-6399\" srcset=\"https:\/\/magistradoscorrientes.com\/magistrados\/wp-content\/uploads\/2022\/05\/WhatsApp-Image-2022-05-13-at-5.40.50-PM-2-1024x768.jpeg 1024w, https:\/\/magistradoscorrientes.com\/magistrados\/wp-content\/uploads\/2022\/05\/WhatsApp-Image-2022-05-13-at-5.40.50-PM-2-300x225.jpeg 300w, https:\/\/magistradoscorrientes.com\/magistrados\/wp-content\/uploads\/2022\/05\/WhatsApp-Image-2022-05-13-at-5.40.50-PM-2-768x576.jpeg 768w, https:\/\/magistradoscorrientes.com\/magistrados\/wp-content\/uploads\/2022\/05\/WhatsApp-Image-2022-05-13-at-5.40.50-PM-2-1536x1152.jpeg 1536w, https:\/\/magistradoscorrientes.com\/magistrados\/wp-content\/uploads\/2022\/05\/WhatsApp-Image-2022-05-13-at-5.40.50-PM-2.jpeg 1600w\" sizes=\"(max-width: 1024px) 100vw, 1024px\" \/><\/figure>\n\n\n\n<p>Se hizo especial menci\u00f3n al acompa\u00f1amiento que el Colegio est\u00e1 brindando al Programa de Bienestar Laboral lanzado por el \u00c1rea de Recursos humanos del Poder Judicial, esperando que su desarrollo contribuya&nbsp; a mejorar el clima laboral, induzca satisfactoriamente a quienes comienzan la tarea judicial y brinde reglas claras que valoren la carrera judicial.<\/p>\n\n\n\n<p>Desde el Colegio, en el mismo sentido, se encarar\u00e1n Talleres Anti Estr\u00e9s en todas las circunscripciones judiciales, destinadas a magistrados, funcionarios y agentes del poder judicial. El primer encuentro se realizar\u00e1 en la 4ta circunscripci\u00f3n judicial, el viernes 20 de mayo en Paso de los Libres y el s\u00e1bado 21 en Monte Caseros. Asociados de Paso de los Libres comenzar\u00e1n la difusi\u00f3n de los talleres.<\/p>\n\n\n\n<p>A fin de concretar la idea de lograr un acercamiento de la funci\u00f3n judicial a la sociedad, fue aprobada la realizaci\u00f3n por el Colegio de un programa denominado <strong><a href=\"https:\/\/magistradoscorrientes.com\/magistrados\/visita-protocolar-a-la-sra-ministra-de-educacion-de-la-provincia\/\">\u00abEl Colegio va a la Escuela\u00bb,<\/a><\/strong> a trav\u00e9s del cual se brindar\u00e1n charlas a los actores escolares sobre temas vinculados al quehacer judicial. A tal efecto, se hizo saber la reuni\u00f3n mantenida con la Sra. Ministra de Educaci\u00f3n de la Provincia, con quien se espera concretar un convenio e iniciar actividades a la mayor brevedad.<\/p>\n\n\n\n<p>Tambi\u00e9n se hizo conocer la realizaci\u00f3n de <strong>reuniones con el <a href=\"https:\/\/magistradoscorrientes.com\/magistrados\/destacada-participacion-en-la-charla-ninez-y-adolescencia-en-el-nuevo-codigo-procesal-de-corrientes\/\">Colegio de Abogados de la 1ra Circunscripci\u00f3n<\/a> <\/strong>con el fin de lograr uniformar criterios de los juzgados del fuero civil y comercial con motivo de la despapelizaci\u00f3n, y tratar otros temas que son inquietud de los profesionales. Se acord\u00f3 programar reuniones con los jueces y secretarios para trabajar sobre esos temas.<\/p>\n\n\n\n<figure class=\"wp-block-image size-large\"><img loading=\"lazy\" width=\"1024\" height=\"497\" src=\"https:\/\/magistradoscorrientes.com\/magistrados\/wp-content\/uploads\/2022\/05\/WhatsApp-Image-2022-05-16-at-3.52.19-PM-1024x497.jpeg\" alt=\"\" class=\"wp-image-6406\" srcset=\"https:\/\/magistradoscorrientes.com\/magistrados\/wp-content\/uploads\/2022\/05\/WhatsApp-Image-2022-05-16-at-3.52.19-PM-1024x497.jpeg 1024w, https:\/\/magistradoscorrientes.com\/magistrados\/wp-content\/uploads\/2022\/05\/WhatsApp-Image-2022-05-16-at-3.52.19-PM-300x146.jpeg 300w, https:\/\/magistradoscorrientes.com\/magistrados\/wp-content\/uploads\/2022\/05\/WhatsApp-Image-2022-05-16-at-3.52.19-PM-768x373.jpeg 768w, https:\/\/magistradoscorrientes.com\/magistrados\/wp-content\/uploads\/2022\/05\/WhatsApp-Image-2022-05-16-at-3.52.19-PM-825x400.jpeg 825w, https:\/\/magistradoscorrientes.com\/magistrados\/wp-content\/uploads\/2022\/05\/WhatsApp-Image-2022-05-16-at-3.52.19-PM.jpeg 1280w\" sizes=\"(max-width: 1024px) 100vw, 1024px\" \/><\/figure>\n\n\n\n<p>La <strong>Comisi\u00f3n de Capacitaci\u00f3n<\/strong> dio a conocer las actividades pr\u00f3ximas a realizarse: el martes 17 se inicia Jornada Virtual \u2018\u2019Perspectivas actuales sobre g\u00e9neros y diversidad\u2019\u2019, el s\u00e1bado 28 de mayo se pondr\u00e1 en marcha el Taller \u2018\u2019Abogados al Teatro\u2019\u2019 que permitir\u00e1 adquirir herramientas alternativas y esenciales para la litigaci\u00f3n oral.<\/p>\n\n\n\n<p>Adem\u00e1s, <strong><a href=\"https:\/\/magistradoscorrientes.com\/magistrados\/firma-de-convenio-con-el-club-de-litigacion-de-corrientes\/\">junto al Club de Litigaci\u00f3n<\/a><\/strong>, se har\u00e1 la capacitaci\u00f3n \u2018\u2019Conducci\u00f3n de Audiencias en la IPP en el Sistema Procesal Penal Acusatorio Adversarial\u2019\u2019. Con dos encuentros, 10 y 11 de junio.<\/p>\n\n\n\n<p>El 24 de junio se prev\u00e9 realizar la jornada \u2018\u2019Audiencias de la etapa preparatoria en el nuevo C\u00f3digo Procesal Penal de Corrientes\u2019\u2019 con modalidad sincr\u00f3nica.<\/p>\n\n\n\n<p>Se brind\u00f3 detalles de la reciente firma del <strong><a href=\"https:\/\/magistradoscorrientes.com\/magistrados\/firma-de-convenio-marco-con-la-pastoral-de-sordos\/\">convenio marco de cooperaci\u00f3n con la \u2018\u2019Pastoral de Sordos\u2019\u2019<\/a><\/strong>, que permitir\u00e1 la capacitaci\u00f3n de los profesionales Asociados al Colegio, y al p\u00fablico en general, en ofertas acad\u00e9micas especificas brindadas por ambas entidades.<\/p>\n\n\n\n<p>La Comisi\u00f3n de Secretarios, hizo saber que se encuentran trabajando sobre jurisprudencia, carrera judicial, lista para traslados, entre otros.<\/p>\n\n\n\n<p>La Dra Pasetto coment\u00f3 las tem\u00e1ticas trabajadas en la reuni\u00f3n de Comisi\u00f3n Nacional de Secretarios en la ciudad de Posadas, se\u00f1alando la preocupaci\u00f3n por condiciones laborales, estr\u00e9s laboral y proyecto de intercambio interprovincial.<\/p>\n\n\n\n<p>Adem\u00e1s comunic\u00f3 la realizaci\u00f3n del Congreso Nacional de Secretarios en Salta en noviembre de 2022.<\/p>\n\n\n\n<p>Entre los temas del interior, desde Esquina se agradeci\u00f3 las gestiones realizadas por el Colegio con motivo de sanciones aplicadas, esperando se resuelvan favorablemente los recursos presentados. Asimismo se refiri\u00f3 al recargo y distribuci\u00f3n inequitativa de tareas que resiente la labor judicial, y se solicitaron gestiones al respecto.<\/p>\n","protected":false},"excerpt":{"rendered":"<p>El viernes 13 de mayo en Esquina se llev\u00f3 a cabo la reuni\u00f3n de Comisi\u00f3n Directiva del Colegio, con la presencia de integrantes de la misma y otros que acompa\u00f1aron de manera virtual junto a Asociados. Rindiendo cuentas de las notas presentadas y gestiones realizadas, se coment\u00f3 que previo a la organizaci\u00f3n de la \u2018\u2019Charla Abierta sobre Independencia Judicial\u2019\u2019 realizada [&hellip;]<\/p>\n","protected":false},"author":2,"featured_media":6401,"comment_status":"closed","ping_status":"open","sticky":false,"template":"","format":"standard","meta":{"ngg_post_thumbnail":0},"categories":[13],"tags":[],"_links":{"self":[{"href":"https:\/\/magistradoscorrientes.com\/magistrados\/wp-json\/wp\/v2\/posts\/6397"}],"collection":[{"href":"https:\/\/magistradoscorrientes.com\/magistrados\/wp-json\/wp\/v2\/posts"}],"about":[{"href":"https:\/\/magistradoscorrientes.com\/magistrados\/wp-json\/wp\/v2\/types\/post"}],"author":[{"embeddable":true,"href":"https:\/\/magistradoscorrientes.com\/magistrados\/wp-json\/wp\/v2\/users\/2"}],"replies":[{"embeddable":true,"href":"https:\/\/magistradoscorrientes.com\/magistrados\/wp-json\/wp\/v2\/comments?post=6397"}],"version-history":[{"count":4,"href":"https:\/\/magistradoscorrientes.com\/magistrados\/wp-json\/wp\/v2\/posts\/6397\/revisions"}],"predecessor-version":[{"id":6407,"href":"https:\/\/magistradoscorrientes.com\/magistrados\/wp-json\/wp\/v2\/posts\/6397\/revisions\/6407"}],"wp:featuredmedia":[{"embeddable":true,"href":"https:\/\/magistradoscorrientes.com\/magistrados\/wp-json\/wp\/v2\/media\/6401"}],"wp:attachment":[{"href":"https:\/\/magistradoscorrientes.com\/magistrados\/wp-json\/wp\/v2\/media?parent=6397"}],"wp:term":[{"taxonomy":"category","embeddable":true,"href":"https:\/\/magistradoscorrientes.com\/magistrados\/wp-json\/wp\/v2\/categories?post=6397"},{"taxonomy":"post_tag","embeddable":true,"href":"https:\/\/magistradoscorrientes.com\/magistrados\/wp-json\/wp\/v2\/tags?post=6397"}],"curies":[{"name":"wp","href":"https:\/\/api.w.org\/{rel}","templated":true}]}}