{"id":7839,"date":"2022-10-24T09:56:50","date_gmt":"2022-10-24T12:56:50","guid":{"rendered":"http:\/\/magistradoscorrientes.com\/magistrados\/?p=7839"},"modified":"2022-10-24T09:56:50","modified_gmt":"2022-10-24T12:56:50","slug":"primera-reunion-de-la-comision-de-medio-ambiente-de-la-fam","status":"publish","type":"post","link":"https:\/\/magistradoscorrientes.com\/magistrados\/primera-reunion-de-la-comision-de-medio-ambiente-de-la-fam\/","title":{"rendered":"Primera reuni\u00f3n de la Comisi\u00f3n de Medio Ambiente de la FAM"},"content":{"rendered":"\n<p>\u2022En el marco de la creaci\u00f3n de la Comisi\u00f3n de Medio Ambiente de la FAM, el 18 de octubre pasado, se formaliz\u00f3 la primera reuni\u00f3n virtual\u2022<\/p>\n\n\n\n<p><img loading=\"lazy\" height=\"16\" width=\"16\" alt=\"\ud83c\udf3f\" src=\"https:\/\/static.xx.fbcdn.net\/images\/emoji.php\/v9\/t1e\/1\/16\/1f33f.png\">La presidenta, Marcela Ruiz, brind\u00f3 unas palabras recordando los objetivos y g\u00e9nesis de la comisi\u00f3n. Al mismo tiempo, se presentaron los y las diferentes representantes y voluntarios\/as los\/as cu\u00e1les ratificaron su compromiso de trabajo en las diferentes tem\u00e1ticas que tienen que ver con las variadas realidades que se viven en las distintas provincias del pa\u00eds. <\/p>\n\n\n\n<p><img loading=\"lazy\" height=\"16\" width=\"16\" alt=\"\ud83c\udf33\" src=\"https:\/\/static.xx.fbcdn.net\/images\/emoji.php\/v9\/t6b\/1\/16\/1f333.png\">Se habl\u00f3 sobre la necesidad de la formaci\u00f3n, la concientizaci\u00f3n y puesta en valor de todo lo relacionado con el medio ambiente, instaur\u00e1ndose una agenda de trabajo con objetivos concretos a desarrollar. \u2800\u2800<\/p>\n\n\n\n<p><img loading=\"lazy\" height=\"16\" width=\"16\" alt=\"\ud83d\udc4f\ud83c\udffb\" src=\"https:\/\/static.xx.fbcdn.net\/images\/emoji.php\/v9\/tf9\/1\/16\/1f44f_1f3fb.png\">\u00a1GRACIAS a: Gonzalo Mu\u00f1oz de CABA, Paola Satarelli de Rio Negro, Gloria \u00abLilita\u00bb Paseto de Corrientes, Claudia Perez Grepo de Formosa, Ricardo Bomparola de CABA, Laura Flores de Jujuy, Cecilia Craig de Tucum\u00e1n, Sebastian Lloret de Salta, Silvina Paula Solis de CCABA, Elsa Rosi de Mendoza, Gabriela Correge de Misiones, Rodolfo Fabian Rodr\u00edguez Rivas de La Pampa, Ana Basualdo de San Juan y Mar\u00eda Julia Victoria de Santa Cruz, por haber sido parte de esta primera reuni\u00f3n!<img loading=\"lazy\" height=\"16\" width=\"16\" alt=\"\ud83d\udc4f\ud83c\udffb\" src=\"https:\/\/static.xx.fbcdn.net\/images\/emoji.php\/v9\/tf9\/1\/16\/1f44f_1f3fb.png\">\u2022<\/p>\n\n\n\n<p><img loading=\"lazy\" height=\"16\" width=\"16\" alt=\"\ud83c\udf31\" src=\"https:\/\/static.xx.fbcdn.net\/images\/emoji.php\/v9\/t69\/1\/16\/1f331.png\"> Realmente, es un grupo de trabajo muy heterog\u00e9neo, con prop\u00f3sitos en com\u00fan y ganas de poner su granito de arena brindando sus conocimientos, su tiempo y voluntad. Con todo este empuje nos encontraremos en breve<img loading=\"lazy\" height=\"16\" width=\"16\" alt=\"\ud83d\ude4c\ud83c\udffb\" src=\"https:\/\/static.xx.fbcdn.net\/images\/emoji.php\/v9\/tb8\/1\/16\/1f64c_1f3fb.png\">\u2022<\/p>\n\n\n\n<p>\u00ab<img loading=\"lazy\" height=\"16\" width=\"16\" alt=\"\ud83c\udf0f\" src=\"https:\/\/static.xx.fbcdn.net\/images\/emoji.php\/v9\/t41\/1\/16\/1f30f.png\"> Somos la primera generaci\u00f3n que tiene conciencia de la crisis ambiental, pero, probablemente la \u00faltima que puede hacer algo para revertirla\u2026\u201d<\/p>\n","protected":false},"excerpt":{"rendered":"<p>\u2022En el marco de la creaci\u00f3n de la Comisi\u00f3n de Medio Ambiente de la FAM, el 18 de octubre pasado, se formaliz\u00f3 la primera reuni\u00f3n virtual\u2022 La presidenta, Marcela Ruiz, brind\u00f3 unas palabras recordando los objetivos y g\u00e9nesis de la comisi\u00f3n. Al mismo tiempo, se presentaron los y las diferentes representantes y voluntarios\/as los\/as cu\u00e1les ratificaron su compromiso de trabajo [&hellip;]<\/p>\n","protected":false},"author":2,"featured_media":7840,"comment_status":"closed","ping_status":"open","sticky":false,"template":"","format":"standard","meta":{"ngg_post_thumbnail":0},"categories":[13],"tags":[],"_links":{"self":[{"href":"https:\/\/magistradoscorrientes.com\/magistrados\/wp-json\/wp\/v2\/posts\/7839"}],"collection":[{"href":"https:\/\/magistradoscorrientes.com\/magistrados\/wp-json\/wp\/v2\/posts"}],"about":[{"href":"https:\/\/magistradoscorrientes.com\/magistrados\/wp-json\/wp\/v2\/types\/post"}],"author":[{"embeddable":true,"href":"https:\/\/magistradoscorrientes.com\/magistrados\/wp-json\/wp\/v2\/users\/2"}],"replies":[{"embeddable":true,"href":"https:\/\/magistradoscorrientes.com\/magistrados\/wp-json\/wp\/v2\/comments?post=7839"}],"version-history":[{"count":1,"href":"https:\/\/magistradoscorrientes.com\/magistrados\/wp-json\/wp\/v2\/posts\/7839\/revisions"}],"predecessor-version":[{"id":7841,"href":"https:\/\/magistradoscorrientes.com\/magistrados\/wp-json\/wp\/v2\/posts\/7839\/revisions\/7841"}],"wp:featuredmedia":[{"embeddable":true,"href":"https:\/\/magistradoscorrientes.com\/magistrados\/wp-json\/wp\/v2\/media\/7840"}],"wp:attachment":[{"href":"https:\/\/magistradoscorrientes.com\/magistrados\/wp-json\/wp\/v2\/media?parent=7839"}],"wp:term":[{"taxonomy":"category","embeddable":true,"href":"https:\/\/magistradoscorrientes.com\/magistrados\/wp-json\/wp\/v2\/categories?post=7839"},{"taxonomy":"post_tag","embeddable":true,"href":"https:\/\/magistradoscorrientes.com\/magistrados\/wp-json\/wp\/v2\/tags?post=7839"}],"curies":[{"name":"wp","href":"https:\/\/api.w.org\/{rel}","templated":true}]}}