{"id":7910,"date":"2022-11-07T19:54:34","date_gmt":"2022-11-07T22:54:34","guid":{"rendered":"http:\/\/magistradoscorrientes.com\/magistrados\/?p=7910"},"modified":"2022-11-08T13:18:18","modified_gmt":"2022-11-08T16:18:18","slug":"se-pone-en-marcha-el-programa-colegio-va-a-la-escuela","status":"publish","type":"post","link":"https:\/\/magistradoscorrientes.com\/magistrados\/se-pone-en-marcha-el-programa-colegio-va-a-la-escuela\/","title":{"rendered":"Se pone en marcha el Programa \u00bbColegio va a la Escuela\u00bb"},"content":{"rendered":"\n<p>Luego de un arduo trabajo de coordinaci\u00f3n entre los equipos del Ministerio de Educaci\u00f3n de la Provincia de Corrientes y el Colegio de Magistrados y Funcionarios del Poder Judicial de Corrientes, se pondr\u00e1 en marcha el Programa \u2018\u2019El Colegio va a la Escuela\u2019\u2019, en establecimientos educativos de la Capital y del interior provincial.<\/p>\n\n\n\n<p>Cabe recordar, que en junio del presente a\u00f1o, se rubric\u00f3 el convenio marco de cooperaci\u00f3n interinstitucional&nbsp;con el Ministerio de Educaci\u00f3n de la Provincia de Corrientes para llevar a cabo, entre otras actividades m\u00e1s, el mencionado programa.<\/p>\n\n\n\n<p>El <strong>objetivo<\/strong>, es que los ni\u00f1os, ni\u00f1as y adolescentes estudiantes de las escuelas correntinas tomen contacto con los roles que ejercen los operadores del sistema judicial (jueces, secretarios, asesores de menores e incapaces, fiscales, defensores oficiales y forenses), creando de esta manera v\u00ednculo entre la comunidad y dichos operadores.<\/p>\n\n\n\n<p>Adem\u00e1s, <strong>se busca contribuir al fortalecimiento<\/strong> de las funciones de la DI.SE.P.A., brindando a sus funcionarios capacitaci\u00f3n y actualizaci\u00f3n en normativa de fondo y forma relativa a los procedimientos que involucran derechos de ni\u00f1os, ni\u00f1as y adolescentes.<\/p>\n\n\n\n<p>El plan de acci\u00f3n, es brindar, entre el 8 al 17 de noviembre, 2 talleres para estudiantes, de dos (2) horas de duraci\u00f3n cada uno, a realizarse en Corrientes <strong>Capital. Colegios Secundarios General San Mart\u00edn y Manuel Belgrano<\/strong>.<\/p>\n\n\n\n<p>&#8211; Dos talleres para estudiantes, de dos (2) horas de duraci\u00f3n cada uno, a realizarse en el interior de la Provincia. Colegio Secundario Juan Bautista Alberdi y Escuela T\u00e9cnica Ing. Roque Guillermo Carranza (<strong>Ituzaing\u00f3<\/strong>); Escuela Normal V\u00edctor Mercante y Centro de Formaci\u00f3n Profesional Rector Vicente Fidel L\u00f3pez (<strong>Santo Tom\u00e9<\/strong>).<\/p>\n\n\n\n<p><strong>En Capital,<\/strong> el tema \u2018\u2019Violencias\u2019\u2019 tendr\u00e1 su espacio en el Colegio Secundario Gral San Mart\u00edn, el 15 de noviembre de 9 a 11hs. La coordinadora es la Dra Mirta Ram\u00edrez Barrios.<\/p>\n\n\n\n<p>El tema \u2018\u2019Grooming\u2019\u2019, ser\u00e1 el taller en el Colegio Secundario Gral Manuel Belgrano, el 10 de noviembre de 16 a 18hs. La coordinadora es la Dra Lucrecia Troia Quirch.<\/p>\n\n\n\n<p><strong>En el interior<\/strong>: el taller con el tema \u2018\u2019Violencias\u2019\u2019, ser\u00e1:<\/p>\n\n\n\n<p>&#8211; <strong>Ituzaing\u00f3<\/strong> en el Colegio Secundario Juan Bautista Alberdi, el 11 de noviembre de 16 a 18hs. El coordinador es el Dr Oscar Anoc\u00edbar.<\/p>\n\n\n\n<p>&#8211; Escuela T\u00e9cnica Ing Roque Guillermo Carranza, el 17 de noviembre, de 9 a 11hs. El Coordinador es el Dr Eugenio Balbastro.<\/p>\n\n\n\n<p>En <strong>Santo Tom\u00e9<\/strong>, el taller ser\u00e1 en la Escuela Normal V\u00edctor Mercante, el 8 de noviembre de 9 a 11hs, bajo la coordinaci\u00f3n de la Dra Mar\u00eda Zovak.<\/p>\n\n\n\n<p>&#8211; Centro de Formaci\u00f3n Profesional Vicente Fidel L\u00f3pez, 9 de noviembre de 9 a 11hs, bajo la coordinaci\u00f3n de la Dra Mar\u00eda Zovak.<\/p>\n\n\n\n<figure class=\"wp-block-embed-wordpress wp-block-embed is-type-wp-embed is-provider-colegio-de-magistrados-y-funcionarios-del-poder-judicial-de-corrientes\"><div class=\"wp-block-embed__wrapper\">\n<blockquote class=\"wp-embedded-content\" data-secret=\"N1Wuih7MIx\"><a href=\"https:\/\/magistradoscorrientes.com\/magistrados\/el-colegio-acordo-actividades-en-conjunto-con-el-ministerio-de-educacion-de-la-provincia\/\">El Colegio acord\u00f3 actividades en conjunto con el Ministerio de Educaci\u00f3n de la Provincia<\/a><\/blockquote><iframe class=\"wp-embedded-content\" sandbox=\"allow-scripts\" security=\"restricted\" style=\"position: absolute; clip: rect(1px, 1px, 1px, 1px);\" title=\"\u00abEl Colegio acord\u00f3 actividades en conjunto con el Ministerio de Educaci\u00f3n de la Provincia\u00bb \u2014 Colegio de Magistrados y Funcionarios del Poder Judicial de Corrientes\" src=\"https:\/\/magistradoscorrientes.com\/magistrados\/el-colegio-acordo-actividades-en-conjunto-con-el-ministerio-de-educacion-de-la-provincia\/embed\/#?secret=N1Wuih7MIx\" data-secret=\"N1Wuih7MIx\" width=\"600\" height=\"338\" frameborder=\"0\" marginwidth=\"0\" marginheight=\"0\" scrolling=\"no\"><\/iframe>\n<\/div><\/figure>\n","protected":false},"excerpt":{"rendered":"<p>Luego de un arduo trabajo de coordinaci\u00f3n entre los equipos del Ministerio de Educaci\u00f3n de la Provincia de Corrientes y el Colegio de Magistrados y Funcionarios del Poder Judicial de Corrientes, se pondr\u00e1 en marcha el Programa \u2018\u2019El Colegio va a la Escuela\u2019\u2019, en establecimientos educativos de la Capital y del interior provincial. Cabe recordar, que en junio del presente [&hellip;]<\/p>\n","protected":false},"author":2,"featured_media":7911,"comment_status":"closed","ping_status":"open","sticky":false,"template":"","format":"standard","meta":{"ngg_post_thumbnail":0},"categories":[13],"tags":[],"_links":{"self":[{"href":"https:\/\/magistradoscorrientes.com\/magistrados\/wp-json\/wp\/v2\/posts\/7910"}],"collection":[{"href":"https:\/\/magistradoscorrientes.com\/magistrados\/wp-json\/wp\/v2\/posts"}],"about":[{"href":"https:\/\/magistradoscorrientes.com\/magistrados\/wp-json\/wp\/v2\/types\/post"}],"author":[{"embeddable":true,"href":"https:\/\/magistradoscorrientes.com\/magistrados\/wp-json\/wp\/v2\/users\/2"}],"replies":[{"embeddable":true,"href":"https:\/\/magistradoscorrientes.com\/magistrados\/wp-json\/wp\/v2\/comments?post=7910"}],"version-history":[{"count":3,"href":"https:\/\/magistradoscorrientes.com\/magistrados\/wp-json\/wp\/v2\/posts\/7910\/revisions"}],"predecessor-version":[{"id":7939,"href":"https:\/\/magistradoscorrientes.com\/magistrados\/wp-json\/wp\/v2\/posts\/7910\/revisions\/7939"}],"wp:featuredmedia":[{"embeddable":true,"href":"https:\/\/magistradoscorrientes.com\/magistrados\/wp-json\/wp\/v2\/media\/7911"}],"wp:attachment":[{"href":"https:\/\/magistradoscorrientes.com\/magistrados\/wp-json\/wp\/v2\/media?parent=7910"}],"wp:term":[{"taxonomy":"category","embeddable":true,"href":"https:\/\/magistradoscorrientes.com\/magistrados\/wp-json\/wp\/v2\/categories?post=7910"},{"taxonomy":"post_tag","embeddable":true,"href":"https:\/\/magistradoscorrientes.com\/magistrados\/wp-json\/wp\/v2\/tags?post=7910"}],"curies":[{"name":"wp","href":"https:\/\/api.w.org\/{rel}","templated":true}]}}