{"id":7947,"date":"2022-11-09T15:25:58","date_gmt":"2022-11-09T18:25:58","guid":{"rendered":"http:\/\/magistradoscorrientes.com\/magistrados\/?p=7947"},"modified":"2022-11-09T15:57:08","modified_gmt":"2022-11-09T18:57:08","slug":"7947-2","status":"publish","type":"post","link":"https:\/\/magistradoscorrientes.com\/magistrados\/7947-2\/","title":{"rendered":"El Centro de Formaci\u00f3n Profesional \u00abRector Vicente Fidel L\u00f3pez\u00bb recibi\u00f3 al programa \u00bbEl Colegio va a la Escuela\u00bb"},"content":{"rendered":"\n<p>En la segunda jornada del programa, el <strong>\u2018\u2019Colegio va a la Escuela\u2019<\/strong>\u2019, el Centro de Formaci\u00f3n Profesional \u00bbRector Vicente Fidel L\u00f3pez\u00bb, fue el establecimiento educativo anfitri\u00f3n del encuentro. Ayer, el debut fue en la <strong><a href=\"https:\/\/magistradoscorrientes.com\/magistrados\/mas-de-300-alumnos-de-santo-tome-participaron-de-la-primera-experiencia-de-el-colegio-va-a-la-escuela\/\">Escuela \u2018\u2019V\u00edctor Mercante\u2019<\/a>\u2019<\/strong>.<\/p>\n\n\n\n<p>La comunidad educativa encabezada por la <strong>Rectora M\u00f3nica Pacheco<\/strong>, recibi\u00f3 c\u00e1lidamente a los integrantes de nuestro Colegio, para desarrollar el <strong>tema \u2018\u2019Violencias\u2019\u2019 junto a las integrantes del equipo interdisciplinario del Di.Se.Pa<\/strong>, las Licenciadas Baracat Mar\u00eda Virgina y Griselda Centuri\u00f3n. <\/p>\n\n\n\n<p>\u2018\u2019<em>La verdad que muy interesante la propuesta y muy necesaria para la franja etaria de las instituciones educativas. Adem\u00e1s me parece muy fundamental la propuesta de acercarse a las escuelas. Los alumnos participaron, hicieron preguntas y propusieron futuros temas a tratar en pr\u00f3ximas propuestas que puedan surgir<\/em>\u2019\u2019.<\/p>\n\n\n\n<p>Y agreg\u00f3: \u2018\u2019<em>Dialogamos con el equipo del Di.Se.Pa para trabajar la posibilidad de hacer m\u00e1s din\u00e1micos los encuentros y charlas. Contar con la parte expositiva y luego trabajarlo con los alumnos ya que de ellos surgen muchas inquietudes. Me parece que ser\u00eda m\u00e1s productivo y se podr\u00edan detectar m\u00e1s problem\u00e1ticas que en lugar de darles el micr\u00f3fono y que se expresen oralmente ya q por ah\u00ed son muy t\u00edmidos, tienen miedos, son muy inseguros o no se animan<\/em>\u2019\u2019.<\/p>\n\n\n\n<p>\u2018\u2019<em>Me parece muy lindo y excelente el programa \u00abEl Colegio va a la Escuela\u00bb, ya que adem\u00e1s, de ser una aporte externo a lo q es la escuela, tambi\u00e9n se hace sentir un respaldo desde otro \u00e1mbito<\/em>\u2019\u2019, concluy\u00f3.<\/p>\n\n\n\n<p><\/p>\n\n\n\n<figure class=\"wp-block-gallery columns-3 is-cropped\"><ul class=\"blocks-gallery-grid\"><li class=\"blocks-gallery-item\"><figure><img loading=\"lazy\" width=\"1024\" height=\"768\" src=\"http:\/\/magistradoscorrientes.com\/magistrados\/wp-content\/uploads\/2022\/11\/f470fd59-2995-4cc3-b0d9-5226de7b53f0.jpg\" alt=\"\" data-id=\"7958\" data-full-url=\"http:\/\/magistradoscorrientes.com\/magistrados\/wp-content\/uploads\/2022\/11\/f470fd59-2995-4cc3-b0d9-5226de7b53f0.jpg\" data-link=\"http:\/\/magistradoscorrientes.com\/magistrados\/?attachment_id=7958\" class=\"wp-image-7958\" srcset=\"https:\/\/magistradoscorrientes.com\/magistrados\/wp-content\/uploads\/2022\/11\/f470fd59-2995-4cc3-b0d9-5226de7b53f0.jpg 1024w, https:\/\/magistradoscorrientes.com\/magistrados\/wp-content\/uploads\/2022\/11\/f470fd59-2995-4cc3-b0d9-5226de7b53f0-300x225.jpg 300w, https:\/\/magistradoscorrientes.com\/magistrados\/wp-content\/uploads\/2022\/11\/f470fd59-2995-4cc3-b0d9-5226de7b53f0-768x576.jpg 768w\" sizes=\"(max-width: 1024px) 100vw, 1024px\" \/><\/figure><\/li><li class=\"blocks-gallery-item\"><figure><img loading=\"lazy\" width=\"1024\" height=\"768\" src=\"http:\/\/magistradoscorrientes.com\/magistrados\/wp-content\/uploads\/2022\/11\/f7de91a9-6415-489f-bf1e-aa2d965778d9.jpg\" alt=\"\" data-id=\"7957\" data-full-url=\"http:\/\/magistradoscorrientes.com\/magistrados\/wp-content\/uploads\/2022\/11\/f7de91a9-6415-489f-bf1e-aa2d965778d9.jpg\" data-link=\"http:\/\/magistradoscorrientes.com\/magistrados\/?attachment_id=7957\" class=\"wp-image-7957\" srcset=\"https:\/\/magistradoscorrientes.com\/magistrados\/wp-content\/uploads\/2022\/11\/f7de91a9-6415-489f-bf1e-aa2d965778d9.jpg 1024w, https:\/\/magistradoscorrientes.com\/magistrados\/wp-content\/uploads\/2022\/11\/f7de91a9-6415-489f-bf1e-aa2d965778d9-300x225.jpg 300w, https:\/\/magistradoscorrientes.com\/magistrados\/wp-content\/uploads\/2022\/11\/f7de91a9-6415-489f-bf1e-aa2d965778d9-768x576.jpg 768w\" sizes=\"(max-width: 1024px) 100vw, 1024px\" \/><\/figure><\/li><li class=\"blocks-gallery-item\"><figure><img loading=\"lazy\" width=\"1024\" height=\"768\" src=\"http:\/\/magistradoscorrientes.com\/magistrados\/wp-content\/uploads\/2022\/11\/e6f52b72-6e35-43d3-8335-2c254a7566b6.jpg\" alt=\"\" data-id=\"7956\" data-full-url=\"http:\/\/magistradoscorrientes.com\/magistrados\/wp-content\/uploads\/2022\/11\/e6f52b72-6e35-43d3-8335-2c254a7566b6.jpg\" data-link=\"http:\/\/magistradoscorrientes.com\/magistrados\/?attachment_id=7956\" class=\"wp-image-7956\" srcset=\"https:\/\/magistradoscorrientes.com\/magistrados\/wp-content\/uploads\/2022\/11\/e6f52b72-6e35-43d3-8335-2c254a7566b6.jpg 1024w, https:\/\/magistradoscorrientes.com\/magistrados\/wp-content\/uploads\/2022\/11\/e6f52b72-6e35-43d3-8335-2c254a7566b6-300x225.jpg 300w, https:\/\/magistradoscorrientes.com\/magistrados\/wp-content\/uploads\/2022\/11\/e6f52b72-6e35-43d3-8335-2c254a7566b6-768x576.jpg 768w\" sizes=\"(max-width: 1024px) 100vw, 1024px\" \/><\/figure><\/li><li class=\"blocks-gallery-item\"><figure><img loading=\"lazy\" width=\"1024\" height=\"768\" src=\"http:\/\/magistradoscorrientes.com\/magistrados\/wp-content\/uploads\/2022\/11\/d9c95fae-95c4-4feb-b709-376fa76a7d94.jpg\" alt=\"\" data-id=\"7955\" data-full-url=\"http:\/\/magistradoscorrientes.com\/magistrados\/wp-content\/uploads\/2022\/11\/d9c95fae-95c4-4feb-b709-376fa76a7d94.jpg\" data-link=\"http:\/\/magistradoscorrientes.com\/magistrados\/?attachment_id=7955\" class=\"wp-image-7955\" srcset=\"https:\/\/magistradoscorrientes.com\/magistrados\/wp-content\/uploads\/2022\/11\/d9c95fae-95c4-4feb-b709-376fa76a7d94.jpg 1024w, https:\/\/magistradoscorrientes.com\/magistrados\/wp-content\/uploads\/2022\/11\/d9c95fae-95c4-4feb-b709-376fa76a7d94-300x225.jpg 300w, https:\/\/magistradoscorrientes.com\/magistrados\/wp-content\/uploads\/2022\/11\/d9c95fae-95c4-4feb-b709-376fa76a7d94-768x576.jpg 768w\" sizes=\"(max-width: 1024px) 100vw, 1024px\" \/><\/figure><\/li><li class=\"blocks-gallery-item\"><figure><img loading=\"lazy\" width=\"1024\" height=\"768\" src=\"http:\/\/magistradoscorrientes.com\/magistrados\/wp-content\/uploads\/2022\/11\/c76a2523-2114-4d1b-b0d4-faf28c345791-1024x768.jpg\" alt=\"\" data-id=\"7954\" data-full-url=\"http:\/\/magistradoscorrientes.com\/magistrados\/wp-content\/uploads\/2022\/11\/c76a2523-2114-4d1b-b0d4-faf28c345791.jpg\" data-link=\"http:\/\/magistradoscorrientes.com\/magistrados\/?attachment_id=7954\" class=\"wp-image-7954\" srcset=\"https:\/\/magistradoscorrientes.com\/magistrados\/wp-content\/uploads\/2022\/11\/c76a2523-2114-4d1b-b0d4-faf28c345791-1024x768.jpg 1024w, https:\/\/magistradoscorrientes.com\/magistrados\/wp-content\/uploads\/2022\/11\/c76a2523-2114-4d1b-b0d4-faf28c345791-300x225.jpg 300w, https:\/\/magistradoscorrientes.com\/magistrados\/wp-content\/uploads\/2022\/11\/c76a2523-2114-4d1b-b0d4-faf28c345791-768x576.jpg 768w, https:\/\/magistradoscorrientes.com\/magistrados\/wp-content\/uploads\/2022\/11\/c76a2523-2114-4d1b-b0d4-faf28c345791-1536x1152.jpg 1536w, https:\/\/magistradoscorrientes.com\/magistrados\/wp-content\/uploads\/2022\/11\/c76a2523-2114-4d1b-b0d4-faf28c345791.jpg 1600w\" sizes=\"(max-width: 1024px) 100vw, 1024px\" \/><\/figure><\/li><li class=\"blocks-gallery-item\"><figure><img loading=\"lazy\" width=\"1024\" height=\"768\" src=\"http:\/\/magistradoscorrientes.com\/magistrados\/wp-content\/uploads\/2022\/11\/bd6cc1b4-5c9a-4a46-a238-9f3915427c48.jpg\" alt=\"\" data-id=\"7953\" data-full-url=\"http:\/\/magistradoscorrientes.com\/magistrados\/wp-content\/uploads\/2022\/11\/bd6cc1b4-5c9a-4a46-a238-9f3915427c48.jpg\" data-link=\"http:\/\/magistradoscorrientes.com\/magistrados\/?attachment_id=7953\" class=\"wp-image-7953\" srcset=\"https:\/\/magistradoscorrientes.com\/magistrados\/wp-content\/uploads\/2022\/11\/bd6cc1b4-5c9a-4a46-a238-9f3915427c48.jpg 1024w, https:\/\/magistradoscorrientes.com\/magistrados\/wp-content\/uploads\/2022\/11\/bd6cc1b4-5c9a-4a46-a238-9f3915427c48-300x225.jpg 300w, https:\/\/magistradoscorrientes.com\/magistrados\/wp-content\/uploads\/2022\/11\/bd6cc1b4-5c9a-4a46-a238-9f3915427c48-768x576.jpg 768w\" sizes=\"(max-width: 1024px) 100vw, 1024px\" \/><\/figure><\/li><\/ul><\/figure>\n\n\n\n<p>El equipo, estuvo coordinado tambi\u00e9n por la Dra Mar\u00eda Zovak, acompa\u00f1ados por las Dras Ail\u00edn Paiva, Marisol Ram\u00edrez y las Licenciadas Carolina Beressi, Griselda G\u00f3mez. Tambi\u00e9n formaron parte los Dres Cristian Retamar y Facundo Cabral.<\/p>\n\n\n\n<p>\u2018\u2019<em>La modalidad fue la misma de ayer, hoy disert\u00f3 la Dra Ail\u00edn Paiva, sumando la colaboraci\u00f3n de las licenciadas del Di.Se.Pa quienes hicieron participar a los j\u00f3venes presentes. La verdad una gran experiencia y con un gran equipo que se ha formado. En esta escuela los adolescentes propusieron nuevos temas para trabajar con ellos. El Vice Rector realizar\u00e1 un taller con los temas dados y los alumnos expondr\u00e1n<\/em>\u2019\u2019, dijo la coordinadora del equipo. <\/p>\n\n\n\n<p>El programa de visitas a las escuelas, tiene su continuidad este jueves 10 de noviembre en el Colegio Secundario \u00bbGeneral Manuel Belgrano\u00bb a partir de las 16hs con el tema \u00bbGrooming\u00bb. <\/p>\n\n\n\n<p>Luego el viernes 11, el programa se traslada al interior provincial nuevamente, para desarrollarse el taller en Ituzaing\u00f3, en el Colegio Secundario \u00bbJuan Bautista Alberdi\u00bb. <\/p>\n\n\n\n<figure class=\"wp-block-gallery columns-3 is-cropped\"><ul class=\"blocks-gallery-grid\"><li class=\"blocks-gallery-item\"><figure><img loading=\"lazy\" width=\"1024\" height=\"768\" src=\"http:\/\/magistradoscorrientes.com\/magistrados\/wp-content\/uploads\/2022\/11\/3950ca6d-160f-451c-98aa-9dbcf19c78ac-1024x768.jpg\" alt=\"\" data-id=\"7952\" data-full-url=\"http:\/\/magistradoscorrientes.com\/magistrados\/wp-content\/uploads\/2022\/11\/3950ca6d-160f-451c-98aa-9dbcf19c78ac.jpg\" data-link=\"http:\/\/magistradoscorrientes.com\/magistrados\/?attachment_id=7952\" class=\"wp-image-7952\" srcset=\"https:\/\/magistradoscorrientes.com\/magistrados\/wp-content\/uploads\/2022\/11\/3950ca6d-160f-451c-98aa-9dbcf19c78ac-1024x768.jpg 1024w, https:\/\/magistradoscorrientes.com\/magistrados\/wp-content\/uploads\/2022\/11\/3950ca6d-160f-451c-98aa-9dbcf19c78ac-300x225.jpg 300w, https:\/\/magistradoscorrientes.com\/magistrados\/wp-content\/uploads\/2022\/11\/3950ca6d-160f-451c-98aa-9dbcf19c78ac-768x576.jpg 768w, https:\/\/magistradoscorrientes.com\/magistrados\/wp-content\/uploads\/2022\/11\/3950ca6d-160f-451c-98aa-9dbcf19c78ac-1536x1152.jpg 1536w, https:\/\/magistradoscorrientes.com\/magistrados\/wp-content\/uploads\/2022\/11\/3950ca6d-160f-451c-98aa-9dbcf19c78ac.jpg 1600w\" sizes=\"(max-width: 1024px) 100vw, 1024px\" \/><\/figure><\/li><li class=\"blocks-gallery-item\"><figure><img loading=\"lazy\" width=\"1024\" height=\"768\" src=\"http:\/\/magistradoscorrientes.com\/magistrados\/wp-content\/uploads\/2022\/11\/89f7c951-e88c-45a6-831d-c68350b77952.jpg\" alt=\"\" data-id=\"7951\" data-full-url=\"http:\/\/magistradoscorrientes.com\/magistrados\/wp-content\/uploads\/2022\/11\/89f7c951-e88c-45a6-831d-c68350b77952.jpg\" data-link=\"http:\/\/magistradoscorrientes.com\/magistrados\/?attachment_id=7951\" class=\"wp-image-7951\" srcset=\"https:\/\/magistradoscorrientes.com\/magistrados\/wp-content\/uploads\/2022\/11\/89f7c951-e88c-45a6-831d-c68350b77952.jpg 1024w, https:\/\/magistradoscorrientes.com\/magistrados\/wp-content\/uploads\/2022\/11\/89f7c951-e88c-45a6-831d-c68350b77952-300x225.jpg 300w, https:\/\/magistradoscorrientes.com\/magistrados\/wp-content\/uploads\/2022\/11\/89f7c951-e88c-45a6-831d-c68350b77952-768x576.jpg 768w\" sizes=\"(max-width: 1024px) 100vw, 1024px\" \/><\/figure><\/li><li class=\"blocks-gallery-item\"><figure><img loading=\"lazy\" width=\"1024\" height=\"768\" src=\"http:\/\/magistradoscorrientes.com\/magistrados\/wp-content\/uploads\/2022\/11\/7edc1df8-ab09-417e-92bd-3696f2b64759-1024x768.jpg\" alt=\"\" data-id=\"7950\" data-full-url=\"http:\/\/magistradoscorrientes.com\/magistrados\/wp-content\/uploads\/2022\/11\/7edc1df8-ab09-417e-92bd-3696f2b64759.jpg\" data-link=\"http:\/\/magistradoscorrientes.com\/magistrados\/?attachment_id=7950\" class=\"wp-image-7950\" srcset=\"https:\/\/magistradoscorrientes.com\/magistrados\/wp-content\/uploads\/2022\/11\/7edc1df8-ab09-417e-92bd-3696f2b64759-1024x768.jpg 1024w, https:\/\/magistradoscorrientes.com\/magistrados\/wp-content\/uploads\/2022\/11\/7edc1df8-ab09-417e-92bd-3696f2b64759-300x225.jpg 300w, https:\/\/magistradoscorrientes.com\/magistrados\/wp-content\/uploads\/2022\/11\/7edc1df8-ab09-417e-92bd-3696f2b64759-768x576.jpg 768w, https:\/\/magistradoscorrientes.com\/magistrados\/wp-content\/uploads\/2022\/11\/7edc1df8-ab09-417e-92bd-3696f2b64759-1536x1152.jpg 1536w, https:\/\/magistradoscorrientes.com\/magistrados\/wp-content\/uploads\/2022\/11\/7edc1df8-ab09-417e-92bd-3696f2b64759.jpg 1600w\" sizes=\"(max-width: 1024px) 100vw, 1024px\" \/><\/figure><\/li><li class=\"blocks-gallery-item\"><figure><img loading=\"lazy\" width=\"1024\" height=\"768\" src=\"http:\/\/magistradoscorrientes.com\/magistrados\/wp-content\/uploads\/2022\/11\/5a3ea9be-f98b-48b3-bb3d-79ec26712ca6-1024x768.jpg\" alt=\"\" data-id=\"7949\" data-full-url=\"http:\/\/magistradoscorrientes.com\/magistrados\/wp-content\/uploads\/2022\/11\/5a3ea9be-f98b-48b3-bb3d-79ec26712ca6.jpg\" data-link=\"http:\/\/magistradoscorrientes.com\/magistrados\/?attachment_id=7949\" class=\"wp-image-7949\" srcset=\"https:\/\/magistradoscorrientes.com\/magistrados\/wp-content\/uploads\/2022\/11\/5a3ea9be-f98b-48b3-bb3d-79ec26712ca6-1024x768.jpg 1024w, https:\/\/magistradoscorrientes.com\/magistrados\/wp-content\/uploads\/2022\/11\/5a3ea9be-f98b-48b3-bb3d-79ec26712ca6-300x225.jpg 300w, https:\/\/magistradoscorrientes.com\/magistrados\/wp-content\/uploads\/2022\/11\/5a3ea9be-f98b-48b3-bb3d-79ec26712ca6-768x576.jpg 768w, https:\/\/magistradoscorrientes.com\/magistrados\/wp-content\/uploads\/2022\/11\/5a3ea9be-f98b-48b3-bb3d-79ec26712ca6-1536x1152.jpg 1536w, https:\/\/magistradoscorrientes.com\/magistrados\/wp-content\/uploads\/2022\/11\/5a3ea9be-f98b-48b3-bb3d-79ec26712ca6.jpg 1600w\" sizes=\"(max-width: 1024px) 100vw, 1024px\" \/><\/figure><\/li><li class=\"blocks-gallery-item\"><figure><img loading=\"lazy\" width=\"1024\" height=\"768\" src=\"http:\/\/magistradoscorrientes.com\/magistrados\/wp-content\/uploads\/2022\/11\/4eb2a8e0-017e-4d91-9d5a-b0aa0a0a6cfc.jpg\" alt=\"\" data-id=\"7948\" data-full-url=\"http:\/\/magistradoscorrientes.com\/magistrados\/wp-content\/uploads\/2022\/11\/4eb2a8e0-017e-4d91-9d5a-b0aa0a0a6cfc.jpg\" data-link=\"http:\/\/magistradoscorrientes.com\/magistrados\/?attachment_id=7948\" class=\"wp-image-7948\" srcset=\"https:\/\/magistradoscorrientes.com\/magistrados\/wp-content\/uploads\/2022\/11\/4eb2a8e0-017e-4d91-9d5a-b0aa0a0a6cfc.jpg 1024w, https:\/\/magistradoscorrientes.com\/magistrados\/wp-content\/uploads\/2022\/11\/4eb2a8e0-017e-4d91-9d5a-b0aa0a0a6cfc-300x225.jpg 300w, https:\/\/magistradoscorrientes.com\/magistrados\/wp-content\/uploads\/2022\/11\/4eb2a8e0-017e-4d91-9d5a-b0aa0a0a6cfc-768x576.jpg 768w\" sizes=\"(max-width: 1024px) 100vw, 1024px\" \/><\/figure><\/li><\/ul><\/figure>\n\n\n\n<figure class=\"wp-block-embed-wordpress wp-block-embed is-type-wp-embed is-provider-colegio-de-magistrados-y-funcionarios-del-poder-judicial-de-corrientes\"><div class=\"wp-block-embed__wrapper\">\n<blockquote class=\"wp-embedded-content\" data-secret=\"yo9Uvv7wdc\"><a href=\"http:\/\/magistradoscorrientes.com\/magistrados\/mas-de-300-alumnos-de-santo-tome-participaron-de-la-primera-experiencia-de-el-colegio-va-a-la-escuela\/\">M\u00e1s de 300 alumnos de Santo Tom\u00e9 participaron de la primera experiencia de \u00bbEl Colegio va a la Escuela\u00bb<\/a><\/blockquote><iframe class=\"wp-embedded-content\" sandbox=\"allow-scripts\" security=\"restricted\" style=\"position: absolute; clip: rect(1px, 1px, 1px, 1px);\" title=\"\u00abM\u00e1s de 300 alumnos de Santo Tom\u00e9 participaron de la primera experiencia de \u00bbEl Colegio va a la Escuela\u00bb\u00bb \u2014 Colegio de Magistrados y Funcionarios del Poder Judicial de Corrientes\" src=\"http:\/\/magistradoscorrientes.com\/magistrados\/mas-de-300-alumnos-de-santo-tome-participaron-de-la-primera-experiencia-de-el-colegio-va-a-la-escuela\/embed\/#?secret=yo9Uvv7wdc\" data-secret=\"yo9Uvv7wdc\" width=\"600\" height=\"338\" frameborder=\"0\" marginwidth=\"0\" marginheight=\"0\" scrolling=\"no\"><\/iframe>\n<\/div><\/figure>\n\n\n\n<figure class=\"wp-block-embed-wordpress wp-block-embed is-type-wp-embed is-provider-colegio-de-magistrados-y-funcionarios-del-poder-judicial-de-corrientes\"><div class=\"wp-block-embed__wrapper\">\n<blockquote class=\"wp-embedded-content\" data-secret=\"fqSgED9rB5\"><a href=\"http:\/\/magistradoscorrientes.com\/magistrados\/se-pone-en-marcha-el-programa-colegio-va-a-la-escuela\/\">Se pone en marcha el Programa \u00bbColegio va a la Escuela\u00bb<\/a><\/blockquote><iframe class=\"wp-embedded-content\" sandbox=\"allow-scripts\" security=\"restricted\" style=\"position: absolute; clip: rect(1px, 1px, 1px, 1px);\" title=\"\u00abSe pone en marcha el Programa \u00bbColegio va a la Escuela\u00bb\u00bb \u2014 Colegio de Magistrados y Funcionarios del Poder Judicial de Corrientes\" src=\"http:\/\/magistradoscorrientes.com\/magistrados\/se-pone-en-marcha-el-programa-colegio-va-a-la-escuela\/embed\/#?secret=fqSgED9rB5\" data-secret=\"fqSgED9rB5\" width=\"600\" height=\"338\" frameborder=\"0\" marginwidth=\"0\" marginheight=\"0\" scrolling=\"no\"><\/iframe>\n<\/div><\/figure>\n\n\n\n<figure class=\"wp-block-embed-wordpress wp-block-embed is-type-wp-embed is-provider-colegio-de-magistrados-y-funcionarios-del-poder-judicial-de-corrientes\"><div class=\"wp-block-embed__wrapper\">\n<blockquote class=\"wp-embedded-content\" data-secret=\"HZR8Q6OFL8\"><a href=\"http:\/\/magistradoscorrientes.com\/magistrados\/el-colegio-acordo-actividades-en-conjunto-con-el-ministerio-de-educacion-de-la-provincia\/\">El Colegio acord\u00f3 actividades en conjunto con el Ministerio de Educaci\u00f3n de la Provincia<\/a><\/blockquote><iframe class=\"wp-embedded-content\" sandbox=\"allow-scripts\" security=\"restricted\" style=\"position: absolute; clip: rect(1px, 1px, 1px, 1px);\" title=\"\u00abEl Colegio acord\u00f3 actividades en conjunto con el Ministerio de Educaci\u00f3n de la Provincia\u00bb \u2014 Colegio de Magistrados y Funcionarios del Poder Judicial de Corrientes\" src=\"http:\/\/magistradoscorrientes.com\/magistrados\/el-colegio-acordo-actividades-en-conjunto-con-el-ministerio-de-educacion-de-la-provincia\/embed\/#?secret=HZR8Q6OFL8\" data-secret=\"HZR8Q6OFL8\" width=\"600\" height=\"338\" frameborder=\"0\" marginwidth=\"0\" marginheight=\"0\" scrolling=\"no\"><\/iframe>\n<\/div><\/figure>\n","protected":false},"excerpt":{"rendered":"<p>En la segunda jornada del programa, el \u2018\u2019Colegio va a la Escuela\u2019\u2019, el Centro de Formaci\u00f3n Profesional \u00bbRector Vicente Fidel L\u00f3pez\u00bb, fue el establecimiento educativo anfitri\u00f3n del encuentro. Ayer, el debut fue en la Escuela \u2018\u2019V\u00edctor Mercante\u2019\u2019. La comunidad educativa encabezada por la Rectora M\u00f3nica Pacheco, recibi\u00f3 c\u00e1lidamente a los integrantes de nuestro Colegio, para desarrollar el tema \u2018\u2019Violencias\u2019\u2019 junto [&hellip;]<\/p>\n","protected":false},"author":2,"featured_media":7951,"comment_status":"closed","ping_status":"open","sticky":false,"template":"","format":"standard","meta":{"ngg_post_thumbnail":0},"categories":[13],"tags":[],"_links":{"self":[{"href":"https:\/\/magistradoscorrientes.com\/magistrados\/wp-json\/wp\/v2\/posts\/7947"}],"collection":[{"href":"https:\/\/magistradoscorrientes.com\/magistrados\/wp-json\/wp\/v2\/posts"}],"about":[{"href":"https:\/\/magistradoscorrientes.com\/magistrados\/wp-json\/wp\/v2\/types\/post"}],"author":[{"embeddable":true,"href":"https:\/\/magistradoscorrientes.com\/magistrados\/wp-json\/wp\/v2\/users\/2"}],"replies":[{"embeddable":true,"href":"https:\/\/magistradoscorrientes.com\/magistrados\/wp-json\/wp\/v2\/comments?post=7947"}],"version-history":[{"count":4,"href":"https:\/\/magistradoscorrientes.com\/magistrados\/wp-json\/wp\/v2\/posts\/7947\/revisions"}],"predecessor-version":[{"id":7963,"href":"https:\/\/magistradoscorrientes.com\/magistrados\/wp-json\/wp\/v2\/posts\/7947\/revisions\/7963"}],"wp:featuredmedia":[{"embeddable":true,"href":"https:\/\/magistradoscorrientes.com\/magistrados\/wp-json\/wp\/v2\/media\/7951"}],"wp:attachment":[{"href":"https:\/\/magistradoscorrientes.com\/magistrados\/wp-json\/wp\/v2\/media?parent=7947"}],"wp:term":[{"taxonomy":"category","embeddable":true,"href":"https:\/\/magistradoscorrientes.com\/magistrados\/wp-json\/wp\/v2\/categories?post=7947"},{"taxonomy":"post_tag","embeddable":true,"href":"https:\/\/magistradoscorrientes.com\/magistrados\/wp-json\/wp\/v2\/tags?post=7947"}],"curies":[{"name":"wp","href":"https:\/\/api.w.org\/{rel}","templated":true}]}}