{"id":8111,"date":"2022-11-27T09:24:44","date_gmt":"2022-11-27T12:24:44","guid":{"rendered":"http:\/\/magistradoscorrientes.com\/magistrados\/?p=8111"},"modified":"2024-08-23T11:08:50","modified_gmt":"2024-08-23T14:08:50","slug":"el-colegio-en-la-escuela-junto-a-mas-de-2-mil-estudiantes-correntinos","status":"publish","type":"post","link":"https:\/\/magistradoscorrientes.com\/magistrados\/el-colegio-en-la-escuela-junto-a-mas-de-2-mil-estudiantes-correntinos\/","title":{"rendered":"El Colegio en la Escuela reuni\u00f3 a m\u00e1s de 2 mil estudiantes correntinos"},"content":{"rendered":"\n<p>Con el firme objetivo de acercarse no solo a la comunidad educativa, sino tambi\u00e9n a la comunidad en general, Asociados al Colegio de Magistrados y Funcionarios del Poder Judicial de la Provincia de Corrientes, concretaron entre el 8 y 17 de noviembre, 5 encuentros en escuelas del territorio provincial.<\/p>\n\n\n\n<p>Luego del convenio celebrado con el Ministerio de Educaci\u00f3n a cargo de la Lic Pr\u00e1xedes L\u00f3pez, en junio de este a\u00f1o, se present\u00f3 a las autoridades ministeriales los dispositivos de trabajo a desarrollarse en las localidades de Capital, Ituzaing\u00f3 y Santo Tom\u00e9. Los temas elegidos para los talleres fueron \u2018\u2019violencia\u2019\u2019 y \u2018\u2019grooming\u2019\u2019.<\/p>\n\n\n\n<p>En detalle, en Capital, fueron los Colegios \u2018\u2019Gral San Mart\u00edn \u2018\u2019 y \u2018\u2019Gran Manuel Belgrano\u2019\u2019 los escenarios elegidos, en Ituzaing\u00f3 fue el Colegio Secundario \u2018\u2019Juan Bautista Alberdi\u2019\u2019 y la Escuela T\u00e9cnica \u2018\u2019Ing Roque Guillermo Carranza\u2019\u2019. Finalmente en Santo Tom\u00e9 fue la Escuela Normal \u2018\u2019V\u00edctor Mercante\u2019\u2019 y el Centro de Formaci\u00f3n Profesional \u201cVicente Fidel L\u00f3pez\u2019\u2019. Tambi\u00e9n se proyect\u00f3 realizar un Conversatorio con Di.Se.Pa mediante plataforma zoom.<\/p>\n\n\n\n<figure class=\"wp-block-gallery columns-3 is-cropped\"><ul class=\"blocks-gallery-grid\"><li class=\"blocks-gallery-item\"><figure><img loading=\"lazy\" width=\"1024\" height=\"576\" src=\"http:\/\/magistradoscorrientes.com\/magistrados\/wp-content\/uploads\/2022\/11\/IMG_0282-1024x576.jpeg\" alt=\"\" data-id=\"8117\" data-full-url=\"http:\/\/magistradoscorrientes.com\/magistrados\/wp-content\/uploads\/2022\/11\/IMG_0282.jpeg\" data-link=\"http:\/\/magistradoscorrientes.com\/magistrados\/?attachment_id=8117\" class=\"wp-image-8117\" srcset=\"https:\/\/magistradoscorrientes.com\/magistrados\/wp-content\/uploads\/2022\/11\/IMG_0282-1024x576.jpeg 1024w, https:\/\/magistradoscorrientes.com\/magistrados\/wp-content\/uploads\/2022\/11\/IMG_0282-300x169.jpeg 300w, https:\/\/magistradoscorrientes.com\/magistrados\/wp-content\/uploads\/2022\/11\/IMG_0282-768x432.jpeg 768w, https:\/\/magistradoscorrientes.com\/magistrados\/wp-content\/uploads\/2022\/11\/IMG_0282-1536x864.jpeg 1536w, https:\/\/magistradoscorrientes.com\/magistrados\/wp-content\/uploads\/2022\/11\/IMG_0282-2048x1152.jpeg 2048w\" sizes=\"(max-width: 1024px) 100vw, 1024px\" \/><\/figure><\/li><li class=\"blocks-gallery-item\"><figure><img loading=\"lazy\" width=\"1024\" height=\"576\" src=\"http:\/\/magistradoscorrientes.com\/magistrados\/wp-content\/uploads\/2022\/11\/IMG_0278-1024x576.jpeg\" alt=\"\" data-id=\"8116\" data-full-url=\"http:\/\/magistradoscorrientes.com\/magistrados\/wp-content\/uploads\/2022\/11\/IMG_0278.jpeg\" data-link=\"http:\/\/magistradoscorrientes.com\/magistrados\/?attachment_id=8116\" class=\"wp-image-8116\" srcset=\"https:\/\/magistradoscorrientes.com\/magistrados\/wp-content\/uploads\/2022\/11\/IMG_0278-1024x576.jpeg 1024w, https:\/\/magistradoscorrientes.com\/magistrados\/wp-content\/uploads\/2022\/11\/IMG_0278-300x169.jpeg 300w, https:\/\/magistradoscorrientes.com\/magistrados\/wp-content\/uploads\/2022\/11\/IMG_0278-768x432.jpeg 768w, https:\/\/magistradoscorrientes.com\/magistrados\/wp-content\/uploads\/2022\/11\/IMG_0278-1536x864.jpeg 1536w, https:\/\/magistradoscorrientes.com\/magistrados\/wp-content\/uploads\/2022\/11\/IMG_0278-2048x1152.jpeg 2048w\" sizes=\"(max-width: 1024px) 100vw, 1024px\" \/><\/figure><\/li><li class=\"blocks-gallery-item\"><figure><img loading=\"lazy\" width=\"1024\" height=\"576\" src=\"http:\/\/magistradoscorrientes.com\/magistrados\/wp-content\/uploads\/2022\/11\/IMG_0271-1024x576.jpeg\" alt=\"\" data-id=\"8115\" data-full-url=\"http:\/\/magistradoscorrientes.com\/magistrados\/wp-content\/uploads\/2022\/11\/IMG_0271.jpeg\" data-link=\"http:\/\/magistradoscorrientes.com\/magistrados\/?attachment_id=8115\" class=\"wp-image-8115\" srcset=\"https:\/\/magistradoscorrientes.com\/magistrados\/wp-content\/uploads\/2022\/11\/IMG_0271-1024x576.jpeg 1024w, https:\/\/magistradoscorrientes.com\/magistrados\/wp-content\/uploads\/2022\/11\/IMG_0271-300x169.jpeg 300w, https:\/\/magistradoscorrientes.com\/magistrados\/wp-content\/uploads\/2022\/11\/IMG_0271-768x432.jpeg 768w, https:\/\/magistradoscorrientes.com\/magistrados\/wp-content\/uploads\/2022\/11\/IMG_0271-1536x864.jpeg 1536w, https:\/\/magistradoscorrientes.com\/magistrados\/wp-content\/uploads\/2022\/11\/IMG_0271-2048x1152.jpeg 2048w\" sizes=\"(max-width: 1024px) 100vw, 1024px\" \/><\/figure><\/li><li class=\"blocks-gallery-item\"><figure><img loading=\"lazy\" width=\"1024\" height=\"576\" src=\"http:\/\/magistradoscorrientes.com\/magistrados\/wp-content\/uploads\/2022\/11\/IMG_0263-1024x576.jpeg\" alt=\"\" data-id=\"8114\" data-full-url=\"http:\/\/magistradoscorrientes.com\/magistrados\/wp-content\/uploads\/2022\/11\/IMG_0263.jpeg\" data-link=\"http:\/\/magistradoscorrientes.com\/magistrados\/?attachment_id=8114\" class=\"wp-image-8114\" srcset=\"https:\/\/magistradoscorrientes.com\/magistrados\/wp-content\/uploads\/2022\/11\/IMG_0263-1024x576.jpeg 1024w, https:\/\/magistradoscorrientes.com\/magistrados\/wp-content\/uploads\/2022\/11\/IMG_0263-300x169.jpeg 300w, https:\/\/magistradoscorrientes.com\/magistrados\/wp-content\/uploads\/2022\/11\/IMG_0263-768x432.jpeg 768w, https:\/\/magistradoscorrientes.com\/magistrados\/wp-content\/uploads\/2022\/11\/IMG_0263-1536x864.jpeg 1536w, https:\/\/magistradoscorrientes.com\/magistrados\/wp-content\/uploads\/2022\/11\/IMG_0263-2048x1152.jpeg 2048w\" sizes=\"(max-width: 1024px) 100vw, 1024px\" \/><\/figure><\/li><\/ul><\/figure>\n\n\n\n<p>\u2018\u2019Ha sido una experiencia positiva y enriquecedora desde todo&nbsp;punto&nbsp;de&nbsp;vista. Hemos podido acercarnos a la comunidad educativa a trav\u00e9s de estos primeros n\u00facleos educacionales, haciendo conocer en qu\u00e9 consiste la funci\u00f3n judicial, como se lleva a cabo y qui\u00e9nes son&nbsp;sus&nbsp;actores\u2019\u2019, expres\u00f3 nuestra Presidente, Dra Luz Masferrer.<\/p>\n\n\n\n<p>Y agreg\u00f3: \u2018\u2019A su vez, hemos brindado datos de localizaci\u00f3n de las oficinas judiciales, horarios de atenci\u00f3n y modalidades de acceso, datos que pueden resultar de inter\u00e9s para quienes necesiten el servicio&nbsp;de&nbsp;justicia. Hemos tendido puentes con los directivos de los establecimientos para encarar el a\u00f1o pr\u00f3ximo otras&nbsp;actividades.<\/p>\n\n\n\n<p>\u2018\u2019Tambi\u00e9n hemos consolidado los equipos de trabajo integrados por asociados del Colegio y otros actores judiciales, expertos en la materia&nbsp;a&nbsp;difundir. Lo m\u00e1s importante de la experiencia ha sido encontrarnos con alumnos y docentes de nuestra comunidad en di\u00e1logo abierto y participativo, que esperamos contin\u00fae y se ampl\u00ede&nbsp;el&nbsp;a\u00f1o&nbsp;pr\u00f3ximo. Agradecemos al Ministerio de Educaci\u00f3n de la Provincia de Corrientes que nos ha permitido realizar esta propuesta y acercar la funci\u00f3n judicial&nbsp;a&nbsp;la&nbsp;sociedad\u2019\u2019, finaliz\u00f3.<\/p>\n\n\n\n<figure class=\"wp-block-image size-large\"><img loading=\"lazy\" width=\"1024\" height=\"768\" src=\"http:\/\/magistradoscorrientes.com\/magistrados\/wp-content\/uploads\/2022\/11\/Imagen-de-WhatsApp-2022-11-17-a-las-18.24.02-1024x768.jpg\" alt=\"\" class=\"wp-image-8112\" srcset=\"https:\/\/magistradoscorrientes.com\/magistrados\/wp-content\/uploads\/2022\/11\/Imagen-de-WhatsApp-2022-11-17-a-las-18.24.02-1024x768.jpg 1024w, https:\/\/magistradoscorrientes.com\/magistrados\/wp-content\/uploads\/2022\/11\/Imagen-de-WhatsApp-2022-11-17-a-las-18.24.02-300x225.jpg 300w, https:\/\/magistradoscorrientes.com\/magistrados\/wp-content\/uploads\/2022\/11\/Imagen-de-WhatsApp-2022-11-17-a-las-18.24.02-768x576.jpg 768w, https:\/\/magistradoscorrientes.com\/magistrados\/wp-content\/uploads\/2022\/11\/Imagen-de-WhatsApp-2022-11-17-a-las-18.24.02-1536x1152.jpg 1536w, https:\/\/magistradoscorrientes.com\/magistrados\/wp-content\/uploads\/2022\/11\/Imagen-de-WhatsApp-2022-11-17-a-las-18.24.02.jpg 1600w\" sizes=\"(max-width: 1024px) 100vw, 1024px\" \/><\/figure>\n\n\n\n<p>\u00bbLos alumnos, sin duda alguna, se beneficiaron de la oferta de este espacio de interacci\u00f3n en el que tuvieron la posibilidad de capacitarse acerca de una problem\u00e1tica emergente en sus realidades, de interactuar con el equipo de operadores y realizarles las preguntas y consultas que consideraron pertinentes, adem\u00e1s de recibir informaci\u00f3n necesaria acerca de qu\u00e9 pasos seguir si ellos mismos, o alguien de su entorno, estuviese lidiando con alguna situaci\u00f3n de este tipo\u00bb, detall\u00f3 la Asesora T\u00e9cnico Pedag\u00f3gica del Colegio Secundario \u201cManuel Belgrano\u201d, Prof. Silvia Mariana Gebhard. <\/p>\n\n\n\n<p>Y agreg\u00f3: \u00bbEl v\u00ednculo entre el Colegio de Magistrados y nuestra instituci\u00f3n escolar ha sido establecido y ha dado cuenta de numerosas ventajas mutuas. Por lo expuesto anteriormente, esperamos sinceramente que este intercambio pueda extenderse durante el pr\u00f3ximo ciclo lectivo-2023- y continuemos recibiendo este tipo de propuestas de tratamiento de problem\u00e1ticas adolescentes emergentes\u00bb.<\/p>\n\n\n\n<p>&nbsp;&nbsp;&nbsp;&nbsp;&nbsp;&nbsp;&nbsp;&nbsp;&nbsp;&nbsp;&nbsp; <\/p>\n\n\n\n<p><\/p>\n","protected":false},"excerpt":{"rendered":"<p>Con el firme objetivo de acercarse no solo a la comunidad educativa, sino tambi\u00e9n a la comunidad en general, Asociados al Colegio de Magistrados y Funcionarios del Poder Judicial de la Provincia de Corrientes, concretaron entre el 8 y 17 de noviembre, 5 encuentros en escuelas del territorio provincial. Luego del convenio celebrado con el Ministerio de Educaci\u00f3n a cargo [&hellip;]<\/p>\n","protected":false},"author":2,"featured_media":8117,"comment_status":"closed","ping_status":"open","sticky":false,"template":"","format":"standard","meta":{"ngg_post_thumbnail":0},"categories":[13],"tags":[],"_links":{"self":[{"href":"https:\/\/magistradoscorrientes.com\/magistrados\/wp-json\/wp\/v2\/posts\/8111"}],"collection":[{"href":"https:\/\/magistradoscorrientes.com\/magistrados\/wp-json\/wp\/v2\/posts"}],"about":[{"href":"https:\/\/magistradoscorrientes.com\/magistrados\/wp-json\/wp\/v2\/types\/post"}],"author":[{"embeddable":true,"href":"https:\/\/magistradoscorrientes.com\/magistrados\/wp-json\/wp\/v2\/users\/2"}],"replies":[{"embeddable":true,"href":"https:\/\/magistradoscorrientes.com\/magistrados\/wp-json\/wp\/v2\/comments?post=8111"}],"version-history":[{"count":3,"href":"https:\/\/magistradoscorrientes.com\/magistrados\/wp-json\/wp\/v2\/posts\/8111\/revisions"}],"predecessor-version":[{"id":10249,"href":"https:\/\/magistradoscorrientes.com\/magistrados\/wp-json\/wp\/v2\/posts\/8111\/revisions\/10249"}],"wp:featuredmedia":[{"embeddable":true,"href":"https:\/\/magistradoscorrientes.com\/magistrados\/wp-json\/wp\/v2\/media\/8117"}],"wp:attachment":[{"href":"https:\/\/magistradoscorrientes.com\/magistrados\/wp-json\/wp\/v2\/media?parent=8111"}],"wp:term":[{"taxonomy":"category","embeddable":true,"href":"https:\/\/magistradoscorrientes.com\/magistrados\/wp-json\/wp\/v2\/categories?post=8111"},{"taxonomy":"post_tag","embeddable":true,"href":"https:\/\/magistradoscorrientes.com\/magistrados\/wp-json\/wp\/v2\/tags?post=8111"}],"curies":[{"name":"wp","href":"https:\/\/api.w.org\/{rel}","templated":true}]}}