{"id":8219,"date":"2023-04-11T13:27:54","date_gmt":"2023-04-11T16:27:54","guid":{"rendered":"http:\/\/magistradoscorrientes.com\/magistrados\/?p=8219"},"modified":"2023-04-11T13:28:30","modified_gmt":"2023-04-11T16:28:30","slug":"xv-congreso-nacional-del-secretariado-judicial-y-del-ministerio-publico","status":"publish","type":"post","link":"https:\/\/magistradoscorrientes.com\/magistrados\/xv-congreso-nacional-del-secretariado-judicial-y-del-ministerio-publico\/","title":{"rendered":"Detalles del XV Congreso Nacional del Secretariado Judicial y del Ministerio P\u00fablico en San Juan"},"content":{"rendered":"\n<p>El pr\u00f3ximo 29 y 30 de junio se estar\u00e1 realizando el <strong>XV CONGRESO NACIONAL DEL SECRETARIADO JUDICIAL Y DEL MINISTERIO P\u00daBLICO:<\/strong> \u00abGesti\u00f3n Judicial, innovaci\u00f3n y nuevas tecnolog\u00edas, neurociencias, Derecho y Justicia\u00bb en<strong> San Juan.<\/strong><\/p>\n\n\n\n<p><strong>Sede:<\/strong> Teatro del Bicentenario (Las Heras Sur 430, ciudad de San Juan)&nbsp;y Museo Provincial de Bellas Artes Franklin Rawson (Av. Libertador Gral. San Mart\u00edn oeste 862, ciudad de San Juan).<\/p>\n\n\n\n<p><strong>CRONOGRAMA DEL CONGRESO<\/strong><\/p>\n\n\n\n<p><strong>&#8211; Jueves 29\/06\/2023:<\/strong><\/p>\n\n\n\n<p>8:30 a 9:00 hs. &nbsp; Acreditaci\u00f3n<\/p>\n\n\n\n<p>9:00 a 9:40 hs. &nbsp; Acto de apertura<\/p>\n\n\n\n<p>9:40 a 11:00 hs. Disertaci\u00f3n<\/p>\n\n\n\n<p>11:00 a 11:20 hs. Coffee break<\/p>\n\n\n\n<p>11:20 a 13:00 hs. Dos disertaciones<\/p>\n\n\n\n<p>13:00 a 14:00 hs. Almuerzo<\/p>\n\n\n\n<p>14:00 a 15:00 hs. Trabajos en comisi\u00f3n<\/p>\n\n\n\n<p>15:00 a 15:40 hs. Disertaci\u00f3n<\/p>\n\n\n\n<p>15:40 a 16:00 hs. Coffee break<\/p>\n\n\n\n<p>16:00 a 16:40 hs. Disertaci\u00f3n<\/p>\n\n\n\n<p>16:40 a 17:20 hs. Disertaci\u00f3n<\/p>\n\n\n\n<p>17:20 a 18:00 hs. Disertaci\u00f3n<\/p>\n\n\n\n<p>Cierre<\/p>\n\n\n\n<p><strong>&#8211; Viernes 30\/06\/2023<\/strong><\/p>\n\n\n\n<p>9:00 a 10:40 hs. Disertaci\u00f3n<\/p>\n\n\n\n<p>10:40 a 11:00 hs. Coffee break<\/p>\n\n\n\n<p>11:20 a 12:00 hs. Lectura de las conclusiones de los trabajos en comisi\u00f3n<\/p>\n\n\n\n<p>12:00 a 13:00 hs. Palabras de cierre del evento<\/p>\n\n\n\n<p>21:30 hs. Cena de camarader\u00eda.<\/p>\n\n\n\n<p>(Lugar a confirmar)<\/p>\n\n\n\n<p><strong>Expositores:<\/strong> Daniela Dupuy, Demetrio A. Chamatr\u00f3pulos, Mar\u00eda Claudia Gattinoni, Pablo Lorenzzetti, Mariana S\u00e1nchez Caparr\u00f3s, Fernando Tomeo, Sebasti\u00e1n Chumbita, Adolfo Iriarte.<\/p>\n\n\n\n<p><strong>Comisiones de trabajos:<\/strong><\/p>\n\n\n\n<p>&#8211; Asociacionismo<\/p>\n\n\n\n<p>&#8211; El rol de las secretarias&nbsp;y los secretarios en los nuevos sistemas de gesti\u00f3n judicial<\/p>\n\n\n\n<p>&#8211; La aplicaci\u00f3n de neurociencia y nuevas tecnolog\u00edas en las tareas del Poder Judicial<\/p>\n\n\n\n<p><strong>INSCRIPCIONES<\/strong><\/p>\n\n\n\n<p>Para el supuesto de que la inscripci\u00f3n la realice el Colegio o Asociaci\u00f3n, consignar \u00fanicamente el nombre de la entidad y la cantidad de opciones que adquiere, junto con el comprobante de pago.<\/p>\n\n\n\n<p>Descuento exclusivo para asociaci\u00f3n: 10% en los montos consignados cada 10 opciones<\/p>\n\n\n\n<p>Antes del 26\/06\/2023 deber\u00e1n aportarse los siguientes datos:<\/p>\n\n\n\n<p>&#8211; Nombre y apellido<\/p>\n\n\n\n<p>&#8211; Documento<\/p>\n\n\n\n<p>&#8211; Domicilio<\/p>\n\n\n\n<p>&#8211; Correo electr\u00f3nico<\/p>\n\n\n\n<p>&#8211; Tel\u00e9fono<\/p>\n\n\n\n<p>&#8211; Asociaci\u00f3n o colegio a la que pertenece<\/p>\n\n\n\n<p>&#8211; En qu\u00e9 comisi\u00f3n le interesa participar: 1) Asociacionismo, 2) el rol de las\/os secretarias\/os en los nuevos sistemas de gesti\u00f3n judicial, o 3) la aplicaci\u00f3n de la neurociencia y nuevas tecnolog\u00edas en las tareas del Poder Judicial.<\/p>\n\n\n\n<p><strong>ARANCELES (por persona)<\/strong><\/p>\n\n\n\n<p>Hasta el 25\/04\/2023: $ 40.000<\/p>\n\n\n\n<p>Desde el 26\/04\/2023 al 25\/05\/2023: $ 50.000<\/p>\n\n\n\n<p>Desde el 26\/05\/2023 al 26\/06\/2023: $ 60.000<\/p>\n\n\n\n<p><strong>MEDIOS DE PAGO<\/strong><\/p>\n\n\n\n<p>Por transferencia bancaria a la siguiente caja de ahorro:Banco Galicia<\/p>\n\n\n\n<p>N\u00famero de cuenta: CC 834-9 213-5<\/p>\n\n\n\n<p>Alias CBU: CENA.CAUDAL.MANO<\/p>\n\n\n\n<p>CBU: 0070213520000000834951<\/p>\n\n\n\n<p>CUIL: 30700743388<\/p>\n\n\n\n<p>En el correo, adjuntar el comprobante de pago.<\/p>\n\n\n\n<p><strong>Por otra parte, tambi\u00e9n est\u00e1n las siguientes actividades:<\/strong><\/p>\n\n\n\n<p>&#8211; 128* Asamblea Extraordinaria de la Junta de Gobierno de FAMyFJ<\/p>\n\n\n\n<p>Jueves 29\/06\/2023 10 hs. en la sede del Colegio de Magistrados y Funcionarios de San Juan (Av. Rioja sur 648, ciudad de San Juan).<\/p>\n\n\n\n<p>&#8211; 2* Reuni\u00f3n Presencial Anual de la Comisi\u00f3n Nacional de Secretarias y&nbsp;Secretarios<\/p>\n\n\n\n<p>Viernes 30\/06\/2023 14 hs. en la sede del Colegio de Magistrados y Funcionarios de San Juan (Av. Rioja sur 648, ciudad de San Juan).<\/p>\n","protected":false},"excerpt":{"rendered":"<p>El pr\u00f3ximo 29 y 30 de junio se estar\u00e1 realizando el XV CONGRESO NACIONAL DEL SECRETARIADO JUDICIAL Y DEL MINISTERIO P\u00daBLICO: \u00abGesti\u00f3n Judicial, innovaci\u00f3n y nuevas tecnolog\u00edas, neurociencias, Derecho y Justicia\u00bb en San Juan. Sede: Teatro del Bicentenario (Las Heras Sur 430, ciudad de San Juan)&nbsp;y Museo Provincial de Bellas Artes Franklin Rawson (Av. Libertador Gral. San Mart\u00edn oeste 862, [&hellip;]<\/p>\n","protected":false},"author":2,"featured_media":8220,"comment_status":"closed","ping_status":"open","sticky":false,"template":"","format":"standard","meta":{"ngg_post_thumbnail":0},"categories":[13],"tags":[],"_links":{"self":[{"href":"https:\/\/magistradoscorrientes.com\/magistrados\/wp-json\/wp\/v2\/posts\/8219"}],"collection":[{"href":"https:\/\/magistradoscorrientes.com\/magistrados\/wp-json\/wp\/v2\/posts"}],"about":[{"href":"https:\/\/magistradoscorrientes.com\/magistrados\/wp-json\/wp\/v2\/types\/post"}],"author":[{"embeddable":true,"href":"https:\/\/magistradoscorrientes.com\/magistrados\/wp-json\/wp\/v2\/users\/2"}],"replies":[{"embeddable":true,"href":"https:\/\/magistradoscorrientes.com\/magistrados\/wp-json\/wp\/v2\/comments?post=8219"}],"version-history":[{"count":2,"href":"https:\/\/magistradoscorrientes.com\/magistrados\/wp-json\/wp\/v2\/posts\/8219\/revisions"}],"predecessor-version":[{"id":8222,"href":"https:\/\/magistradoscorrientes.com\/magistrados\/wp-json\/wp\/v2\/posts\/8219\/revisions\/8222"}],"wp:featuredmedia":[{"embeddable":true,"href":"https:\/\/magistradoscorrientes.com\/magistrados\/wp-json\/wp\/v2\/media\/8220"}],"wp:attachment":[{"href":"https:\/\/magistradoscorrientes.com\/magistrados\/wp-json\/wp\/v2\/media?parent=8219"}],"wp:term":[{"taxonomy":"category","embeddable":true,"href":"https:\/\/magistradoscorrientes.com\/magistrados\/wp-json\/wp\/v2\/categories?post=8219"},{"taxonomy":"post_tag","embeddable":true,"href":"https:\/\/magistradoscorrientes.com\/magistrados\/wp-json\/wp\/v2\/tags?post=8219"}],"curies":[{"name":"wp","href":"https:\/\/api.w.org\/{rel}","templated":true}]}}