{"id":8306,"date":"2023-05-18T12:55:14","date_gmt":"2023-05-18T15:55:14","guid":{"rendered":"http:\/\/magistradoscorrientes.com\/magistrados\/?p=8306"},"modified":"2023-05-18T12:58:21","modified_gmt":"2023-05-18T15:58:21","slug":"inicio-la-diplomatura-universitaria-en-violencia-de-genero-y-derechos-humanos-para-policias","status":"publish","type":"post","link":"https:\/\/magistradoscorrientes.com\/magistrados\/inicio-la-diplomatura-universitaria-en-violencia-de-genero-y-derechos-humanos-para-policias\/","title":{"rendered":"Inici\u00f3 la Diplomatura Universitaria en Violencia de G\u00e9nero y Derechos Humanos para polic\u00edas"},"content":{"rendered":"\n<p>En las instalaciones del Centro de Formaci\u00f3n y Capacitaci\u00f3n Policial del barrio Santa Catalina, se present\u00f3, posteriormente se dict\u00f3 la primera clase, de la <strong>Diplomatura Universitaria en Violencia de G\u00e9nero y Derechos Humanos<\/strong> destinada a<strong> alumnos de cuarto y quinto a\u00f1o del Instituto Superior de Formaci\u00f3n Policial de la Polic\u00eda de Corrientes.<\/strong><\/p>\n\n\n\n<p>\u00a0\u2018\u2019<em>Es una alegr\u00eda inmensa estar aqu\u00ed presentes presentando esta Diplomatura. Para nosotros es muy importante estar siempre elevando el nivel de capacitaci\u00f3n de los operadores de la Justicia y extenderlo a la polic\u00eda. El trabajo de la Dra Mar\u00eda Jos\u00e9 Barrero Sahag\u00fan y el Dr Jos\u00e9 Osvaldo Ledesma junto al equipo de la Dra M\u00f3nica An\u00eds fue muy importante. Siempre estuvieron predispuestos a materializar esta propuesta\u2019<\/em>\u2019, expres\u00f3 nuestra Presidente Dra Luz Masferrer.<\/p>\n\n\n\n<p>Y agreg\u00f3: \u2018\u2019<em>Es algo que se viene gestando desde el a\u00f1o pasado, siempre se cont\u00f3 con el apoyo de la Facultad de Derecho de la UNNE, y los jefes de la polic\u00eda. Estamos aqu\u00ed para continuar colaborando con un mejor servicio de Justicia<\/em>\u2019\u2019.<\/p>\n\n\n\n<figure class=\"wp-block-image size-large\"><img loading=\"lazy\" width=\"1024\" height=\"754\" src=\"https:\/\/magistradoscorrientes.com\/magistrados\/wp-content\/uploads\/2023\/05\/WhatsApp-Image-2023-05-17-at-18.24.30-1024x754.jpeg\" alt=\"\" class=\"wp-image-8307\" srcset=\"https:\/\/magistradoscorrientes.com\/magistrados\/wp-content\/uploads\/2023\/05\/WhatsApp-Image-2023-05-17-at-18.24.30-1024x754.jpeg 1024w, https:\/\/magistradoscorrientes.com\/magistrados\/wp-content\/uploads\/2023\/05\/WhatsApp-Image-2023-05-17-at-18.24.30-300x221.jpeg 300w, https:\/\/magistradoscorrientes.com\/magistrados\/wp-content\/uploads\/2023\/05\/WhatsApp-Image-2023-05-17-at-18.24.30-768x565.jpeg 768w, https:\/\/magistradoscorrientes.com\/magistrados\/wp-content\/uploads\/2023\/05\/WhatsApp-Image-2023-05-17-at-18.24.30.jpeg 1280w\" sizes=\"(max-width: 1024px) 100vw, 1024px\" \/><\/figure>\n\n\n\n<p>\u00abTenemos la obligaci\u00f3n de capacitar a quienes estar\u00e1n en el primer momento de vulneraci\u00f3n a los derechos de una mujer\u00bb, se\u00f1al\u00f3 el ministro Dr. Buenaventura Duarte. \u00abLa capacitaci\u00f3n es un eje de trabajo del Gobierno, quien entiende que invertir en formaci\u00f3n es invertir en el futuro\u00bb, continu\u00f3.<\/p>\n\n\n\n<p>\u00abHoy damos un paso m\u00e1s en la protecci\u00f3n integral de la mujer y la capacitaci\u00f3n real del personal policial en un paradigma de prevenci\u00f3n, sanci\u00f3n y erradicaci\u00f3n de la violencia contra la mujer\u00bb, reflexion\u00f3 el titular de la cartera de Seguridad. \u00abDespu\u00e9s avanzaremos en la actualizaci\u00f3n de conocimientos de las jerarqu\u00edas superiores\u00bb, adelant\u00f3 Duarte.<\/p>\n\n\n\n<figure class=\"wp-block-image size-large\"><img loading=\"lazy\" width=\"770\" height=\"513\" src=\"http:\/\/magistradoscorrientes.com\/magistrados\/wp-content\/uploads\/2023\/05\/47225w770h513c.jpg\" alt=\"\" class=\"wp-image-8327\" srcset=\"https:\/\/magistradoscorrientes.com\/magistrados\/wp-content\/uploads\/2023\/05\/47225w770h513c.jpg 770w, https:\/\/magistradoscorrientes.com\/magistrados\/wp-content\/uploads\/2023\/05\/47225w770h513c-300x200.jpg 300w, https:\/\/magistradoscorrientes.com\/magistrados\/wp-content\/uploads\/2023\/05\/47225w770h513c-768x512.jpg 768w, https:\/\/magistradoscorrientes.com\/magistrados\/wp-content\/uploads\/2023\/05\/47225w770h513c-391x260.jpg 391w, https:\/\/magistradoscorrientes.com\/magistrados\/wp-content\/uploads\/2023\/05\/47225w770h513c-600x400.jpg 600w\" sizes=\"(max-width: 770px) 100vw, 770px\" \/><\/figure>\n\n\n\n<p>Por su parte, el Jefe de la Polic\u00eda de Corrientes, Crio. Gral. Dr Alberto Arnaldo Molina dijo: \u00abAgradezco al Gobierno de Corrientes el apoyo para firmar este convenio, que dejar\u00e1 una ense\u00f1anza para ponerle una nueva impronta de formaci\u00f3n a la instituci\u00f3n policial\u00bb.<\/p>\n\n\n\n<figure class=\"wp-block-image size-large\"><img loading=\"lazy\" width=\"1024\" height=\"934\" src=\"http:\/\/magistradoscorrientes.com\/magistrados\/wp-content\/uploads\/2023\/05\/WhatsApp-Image-2023-05-17-at-18.24.34-1024x934.jpeg\" alt=\"\" class=\"wp-image-8321\" srcset=\"https:\/\/magistradoscorrientes.com\/magistrados\/wp-content\/uploads\/2023\/05\/WhatsApp-Image-2023-05-17-at-18.24.34-1024x934.jpeg 1024w, https:\/\/magistradoscorrientes.com\/magistrados\/wp-content\/uploads\/2023\/05\/WhatsApp-Image-2023-05-17-at-18.24.34-300x274.jpeg 300w, https:\/\/magistradoscorrientes.com\/magistrados\/wp-content\/uploads\/2023\/05\/WhatsApp-Image-2023-05-17-at-18.24.34-768x700.jpeg 768w, https:\/\/magistradoscorrientes.com\/magistrados\/wp-content\/uploads\/2023\/05\/WhatsApp-Image-2023-05-17-at-18.24.34.jpeg 1182w\" sizes=\"(max-width: 1024px) 100vw, 1024px\" \/><\/figure>\n\n\n\n<p>La especializaci\u00f3n tiene por objetivo acrecentar las herramientas para la profesionalizaci\u00f3n de las pol\u00edticas p\u00fablicas de seguridad desde una perspectiva de derechos humanos. Ser\u00e1 dirigida por la Dra. M\u00f3nica Andrea An\u00eds, junto a la Dra. Ivana Vuckovic como coordinadora acad\u00e9mica y los Dres. Jos\u00e9 Ledesma y Mar\u00eda Jos\u00e9 Barrero Sahag\u00fan como Coordinadores Administrativos. <\/p>\n\n\n\n<figure class=\"wp-block-gallery columns-3 is-cropped\"><ul class=\"blocks-gallery-grid\"><li class=\"blocks-gallery-item\"><figure><img loading=\"lazy\" width=\"1024\" height=\"768\" src=\"http:\/\/magistradoscorrientes.com\/magistrados\/wp-content\/uploads\/2023\/05\/WhatsApp-Image-2023-05-18-at-12.08.57-1-1024x768.jpeg\" alt=\"\" data-id=\"8325\" data-full-url=\"http:\/\/magistradoscorrientes.com\/magistrados\/wp-content\/uploads\/2023\/05\/WhatsApp-Image-2023-05-18-at-12.08.57-1.jpeg\" data-link=\"http:\/\/magistradoscorrientes.com\/magistrados\/?attachment_id=8325\" class=\"wp-image-8325\" srcset=\"https:\/\/magistradoscorrientes.com\/magistrados\/wp-content\/uploads\/2023\/05\/WhatsApp-Image-2023-05-18-at-12.08.57-1-1024x768.jpeg 1024w, https:\/\/magistradoscorrientes.com\/magistrados\/wp-content\/uploads\/2023\/05\/WhatsApp-Image-2023-05-18-at-12.08.57-1-300x225.jpeg 300w, https:\/\/magistradoscorrientes.com\/magistrados\/wp-content\/uploads\/2023\/05\/WhatsApp-Image-2023-05-18-at-12.08.57-1-768x576.jpeg 768w, https:\/\/magistradoscorrientes.com\/magistrados\/wp-content\/uploads\/2023\/05\/WhatsApp-Image-2023-05-18-at-12.08.57-1.jpeg 1280w\" sizes=\"(max-width: 1024px) 100vw, 1024px\" \/><\/figure><\/li><li class=\"blocks-gallery-item\"><figure><img loading=\"lazy\" width=\"1024\" height=\"683\" src=\"http:\/\/magistradoscorrientes.com\/magistrados\/wp-content\/uploads\/2023\/05\/WhatsApp-Image-2023-05-17-at-18.25.33-1024x683.jpeg\" alt=\"\" data-id=\"8324\" data-full-url=\"http:\/\/magistradoscorrientes.com\/magistrados\/wp-content\/uploads\/2023\/05\/WhatsApp-Image-2023-05-17-at-18.25.33.jpeg\" data-link=\"http:\/\/magistradoscorrientes.com\/magistrados\/?attachment_id=8324\" class=\"wp-image-8324\" srcset=\"https:\/\/magistradoscorrientes.com\/magistrados\/wp-content\/uploads\/2023\/05\/WhatsApp-Image-2023-05-17-at-18.25.33-1024x683.jpeg 1024w, https:\/\/magistradoscorrientes.com\/magistrados\/wp-content\/uploads\/2023\/05\/WhatsApp-Image-2023-05-17-at-18.25.33-300x200.jpeg 300w, https:\/\/magistradoscorrientes.com\/magistrados\/wp-content\/uploads\/2023\/05\/WhatsApp-Image-2023-05-17-at-18.25.33-768x512.jpeg 768w, https:\/\/magistradoscorrientes.com\/magistrados\/wp-content\/uploads\/2023\/05\/WhatsApp-Image-2023-05-17-at-18.25.33-391x260.jpeg 391w, https:\/\/magistradoscorrientes.com\/magistrados\/wp-content\/uploads\/2023\/05\/WhatsApp-Image-2023-05-17-at-18.25.33-1536x1024.jpeg 1536w, https:\/\/magistradoscorrientes.com\/magistrados\/wp-content\/uploads\/2023\/05\/WhatsApp-Image-2023-05-17-at-18.25.33-600x400.jpeg 600w, https:\/\/magistradoscorrientes.com\/magistrados\/wp-content\/uploads\/2023\/05\/WhatsApp-Image-2023-05-17-at-18.25.33.jpeg 1599w\" sizes=\"(max-width: 1024px) 100vw, 1024px\" \/><\/figure><\/li><li class=\"blocks-gallery-item\"><figure><img loading=\"lazy\" width=\"1024\" height=\"683\" src=\"http:\/\/magistradoscorrientes.com\/magistrados\/wp-content\/uploads\/2023\/05\/WhatsApp-Image-2023-05-17-at-18.24.35-1024x683.jpeg\" alt=\"\" data-id=\"8323\" data-full-url=\"http:\/\/magistradoscorrientes.com\/magistrados\/wp-content\/uploads\/2023\/05\/WhatsApp-Image-2023-05-17-at-18.24.35.jpeg\" data-link=\"http:\/\/magistradoscorrientes.com\/magistrados\/?attachment_id=8323\" class=\"wp-image-8323\" srcset=\"https:\/\/magistradoscorrientes.com\/magistrados\/wp-content\/uploads\/2023\/05\/WhatsApp-Image-2023-05-17-at-18.24.35-1024x683.jpeg 1024w, https:\/\/magistradoscorrientes.com\/magistrados\/wp-content\/uploads\/2023\/05\/WhatsApp-Image-2023-05-17-at-18.24.35-300x200.jpeg 300w, https:\/\/magistradoscorrientes.com\/magistrados\/wp-content\/uploads\/2023\/05\/WhatsApp-Image-2023-05-17-at-18.24.35-768x512.jpeg 768w, https:\/\/magistradoscorrientes.com\/magistrados\/wp-content\/uploads\/2023\/05\/WhatsApp-Image-2023-05-17-at-18.24.35-391x260.jpeg 391w, https:\/\/magistradoscorrientes.com\/magistrados\/wp-content\/uploads\/2023\/05\/WhatsApp-Image-2023-05-17-at-18.24.35-1536x1024.jpeg 1536w, https:\/\/magistradoscorrientes.com\/magistrados\/wp-content\/uploads\/2023\/05\/WhatsApp-Image-2023-05-17-at-18.24.35-600x400.jpeg 600w, https:\/\/magistradoscorrientes.com\/magistrados\/wp-content\/uploads\/2023\/05\/WhatsApp-Image-2023-05-17-at-18.24.35.jpeg 1599w\" sizes=\"(max-width: 1024px) 100vw, 1024px\" \/><\/figure><\/li><li class=\"blocks-gallery-item\"><figure><img loading=\"lazy\" width=\"1024\" height=\"683\" src=\"http:\/\/magistradoscorrientes.com\/magistrados\/wp-content\/uploads\/2023\/05\/WhatsApp-Image-2023-05-17-at-18.24.35-1-1024x683.jpeg\" alt=\"\" data-id=\"8322\" data-full-url=\"http:\/\/magistradoscorrientes.com\/magistrados\/wp-content\/uploads\/2023\/05\/WhatsApp-Image-2023-05-17-at-18.24.35-1.jpeg\" data-link=\"http:\/\/magistradoscorrientes.com\/magistrados\/?attachment_id=8322\" class=\"wp-image-8322\" srcset=\"https:\/\/magistradoscorrientes.com\/magistrados\/wp-content\/uploads\/2023\/05\/WhatsApp-Image-2023-05-17-at-18.24.35-1-1024x683.jpeg 1024w, https:\/\/magistradoscorrientes.com\/magistrados\/wp-content\/uploads\/2023\/05\/WhatsApp-Image-2023-05-17-at-18.24.35-1-300x200.jpeg 300w, https:\/\/magistradoscorrientes.com\/magistrados\/wp-content\/uploads\/2023\/05\/WhatsApp-Image-2023-05-17-at-18.24.35-1-768x512.jpeg 768w, https:\/\/magistradoscorrientes.com\/magistrados\/wp-content\/uploads\/2023\/05\/WhatsApp-Image-2023-05-17-at-18.24.35-1-391x260.jpeg 391w, https:\/\/magistradoscorrientes.com\/magistrados\/wp-content\/uploads\/2023\/05\/WhatsApp-Image-2023-05-17-at-18.24.35-1-1536x1024.jpeg 1536w, https:\/\/magistradoscorrientes.com\/magistrados\/wp-content\/uploads\/2023\/05\/WhatsApp-Image-2023-05-17-at-18.24.35-1-600x400.jpeg 600w, https:\/\/magistradoscorrientes.com\/magistrados\/wp-content\/uploads\/2023\/05\/WhatsApp-Image-2023-05-17-at-18.24.35-1.jpeg 1599w\" sizes=\"(max-width: 1024px) 100vw, 1024px\" \/><\/figure><\/li><li class=\"blocks-gallery-item\"><figure><img loading=\"lazy\" width=\"1024\" height=\"683\" src=\"http:\/\/magistradoscorrientes.com\/magistrados\/wp-content\/uploads\/2023\/05\/WhatsApp-Image-2023-05-17-at-18.24.30-1-1024x683.jpeg\" alt=\"\" data-id=\"8310\" data-full-url=\"http:\/\/magistradoscorrientes.com\/magistrados\/wp-content\/uploads\/2023\/05\/WhatsApp-Image-2023-05-17-at-18.24.30-1.jpeg\" data-link=\"http:\/\/magistradoscorrientes.com\/magistrados\/?attachment_id=8310\" class=\"wp-image-8310\" srcset=\"https:\/\/magistradoscorrientes.com\/magistrados\/wp-content\/uploads\/2023\/05\/WhatsApp-Image-2023-05-17-at-18.24.30-1-1024x683.jpeg 1024w, https:\/\/magistradoscorrientes.com\/magistrados\/wp-content\/uploads\/2023\/05\/WhatsApp-Image-2023-05-17-at-18.24.30-1-300x200.jpeg 300w, https:\/\/magistradoscorrientes.com\/magistrados\/wp-content\/uploads\/2023\/05\/WhatsApp-Image-2023-05-17-at-18.24.30-1-768x512.jpeg 768w, https:\/\/magistradoscorrientes.com\/magistrados\/wp-content\/uploads\/2023\/05\/WhatsApp-Image-2023-05-17-at-18.24.30-1-391x260.jpeg 391w, https:\/\/magistradoscorrientes.com\/magistrados\/wp-content\/uploads\/2023\/05\/WhatsApp-Image-2023-05-17-at-18.24.30-1-1536x1024.jpeg 1536w, https:\/\/magistradoscorrientes.com\/magistrados\/wp-content\/uploads\/2023\/05\/WhatsApp-Image-2023-05-17-at-18.24.30-1-600x400.jpeg 600w, https:\/\/magistradoscorrientes.com\/magistrados\/wp-content\/uploads\/2023\/05\/WhatsApp-Image-2023-05-17-at-18.24.30-1.jpeg 1599w\" sizes=\"(max-width: 1024px) 100vw, 1024px\" \/><\/figure><\/li><\/ul><\/figure>\n\n\n\n<p><strong>Autoridades presentes<\/strong><\/p>\n\n\n\n<p>El acto fue presidido por el ministro Dr. Buenaventura Duarte, acompa\u00f1ado por el jefe de la Polic\u00eda de Corrientes Crio. Gral. Dr. Alberto Arnaldo Molina, la presidente del Colegio de Abogados Dra. Luz Masferrer y el decano de la Facultad de Derecho Dr. Mario Villegas.<\/p>\n\n\n\n<p>Adem\u00e1s, asistieron la directora del Centro de Monitoreo y Contenci\u00f3n de V\u00edctimas de Violencia Familiar de G\u00e9nero Esc. Claudia Romero Vald\u00e9s, el jefe de Bomberos de la Polic\u00eda F\u00e9lix Cemborain y el director general de Seguridad Vial Crio. Lic. Hern\u00e1n Garc\u00eda.<\/p>\n\n\n\n<p>===<\/p>\n\n\n\n<figure class=\"wp-block-embed-wordpress wp-block-embed is-type-wp-embed is-provider-colegio-de-magistrados-y-funcionarios-del-poder-judicial-de-corrientes\"><div class=\"wp-block-embed__wrapper\">\n<blockquote class=\"wp-embedded-content\" data-secret=\"erxkDA0q6e\"><a href=\"https:\/\/magistradoscorrientes.com\/magistrados\/nuevo-beneficio-expreso-singer-sat\/\">\u00a1Nuevo beneficio! \u2013 Expreso Singer SAT<\/a><\/blockquote><iframe class=\"wp-embedded-content\" sandbox=\"allow-scripts\" security=\"restricted\" style=\"position: absolute; clip: rect(1px, 1px, 1px, 1px);\" title=\"\u00ab\u00a1Nuevo beneficio! \u2013 Expreso Singer SAT\u00bb \u2014 Colegio de Magistrados y Funcionarios del Poder Judicial de Corrientes\" src=\"https:\/\/magistradoscorrientes.com\/magistrados\/nuevo-beneficio-expreso-singer-sat\/embed\/#?secret=erxkDA0q6e\" data-secret=\"erxkDA0q6e\" width=\"600\" height=\"338\" frameborder=\"0\" marginwidth=\"0\" marginheight=\"0\" scrolling=\"no\"><\/iframe>\n<\/div><\/figure>\n\n\n\n<figure class=\"wp-block-embed-wordpress wp-block-embed is-type-wp-embed is-provider-colegio-de-magistrados-y-funcionarios-del-poder-judicial-de-corrientes\"><div class=\"wp-block-embed__wrapper\">\n<blockquote class=\"wp-embedded-content\" data-secret=\"EWjtZSparJ\"><a href=\"https:\/\/magistradoscorrientes.com\/magistrados\/nuevo-beneficio-la-alondra-casa-de-huespedes\/\">\u00a1Nuevo beneficio! \u2013 La Alondra. Casa de Hu\u00e9spedes<\/a><\/blockquote><iframe class=\"wp-embedded-content\" sandbox=\"allow-scripts\" security=\"restricted\" style=\"position: absolute; clip: rect(1px, 1px, 1px, 1px);\" title=\"\u00ab\u00a1Nuevo beneficio! \u2013 La Alondra. Casa de Hu\u00e9spedes\u00bb \u2014 Colegio de Magistrados y Funcionarios del Poder Judicial de Corrientes\" src=\"https:\/\/magistradoscorrientes.com\/magistrados\/nuevo-beneficio-la-alondra-casa-de-huespedes\/embed\/#?secret=EWjtZSparJ\" data-secret=\"EWjtZSparJ\" width=\"600\" height=\"338\" frameborder=\"0\" marginwidth=\"0\" marginheight=\"0\" scrolling=\"no\"><\/iframe>\n<\/div><\/figure>\n","protected":false},"excerpt":{"rendered":"<p>En las instalaciones del Centro de Formaci\u00f3n y Capacitaci\u00f3n Policial del barrio Santa Catalina, se present\u00f3, posteriormente se dict\u00f3 la primera clase, de la Diplomatura Universitaria en Violencia de G\u00e9nero y Derechos Humanos destinada a alumnos de cuarto y quinto a\u00f1o del Instituto Superior de Formaci\u00f3n Policial de la Polic\u00eda de Corrientes. \u00a0\u2018\u2019Es una alegr\u00eda inmensa estar aqu\u00ed presentes presentando [&hellip;]<\/p>\n","protected":false},"author":2,"featured_media":8310,"comment_status":"closed","ping_status":"open","sticky":false,"template":"","format":"standard","meta":{"ngg_post_thumbnail":0},"categories":[13],"tags":[],"_links":{"self":[{"href":"https:\/\/magistradoscorrientes.com\/magistrados\/wp-json\/wp\/v2\/posts\/8306"}],"collection":[{"href":"https:\/\/magistradoscorrientes.com\/magistrados\/wp-json\/wp\/v2\/posts"}],"about":[{"href":"https:\/\/magistradoscorrientes.com\/magistrados\/wp-json\/wp\/v2\/types\/post"}],"author":[{"embeddable":true,"href":"https:\/\/magistradoscorrientes.com\/magistrados\/wp-json\/wp\/v2\/users\/2"}],"replies":[{"embeddable":true,"href":"https:\/\/magistradoscorrientes.com\/magistrados\/wp-json\/wp\/v2\/comments?post=8306"}],"version-history":[{"count":2,"href":"https:\/\/magistradoscorrientes.com\/magistrados\/wp-json\/wp\/v2\/posts\/8306\/revisions"}],"predecessor-version":[{"id":8329,"href":"https:\/\/magistradoscorrientes.com\/magistrados\/wp-json\/wp\/v2\/posts\/8306\/revisions\/8329"}],"wp:featuredmedia":[{"embeddable":true,"href":"https:\/\/magistradoscorrientes.com\/magistrados\/wp-json\/wp\/v2\/media\/8310"}],"wp:attachment":[{"href":"https:\/\/magistradoscorrientes.com\/magistrados\/wp-json\/wp\/v2\/media?parent=8306"}],"wp:term":[{"taxonomy":"category","embeddable":true,"href":"https:\/\/magistradoscorrientes.com\/magistrados\/wp-json\/wp\/v2\/categories?post=8306"},{"taxonomy":"post_tag","embeddable":true,"href":"https:\/\/magistradoscorrientes.com\/magistrados\/wp-json\/wp\/v2\/tags?post=8306"}],"curies":[{"name":"wp","href":"https:\/\/api.w.org\/{rel}","templated":true}]}}