{"id":8382,"date":"2023-08-09T12:07:44","date_gmt":"2023-08-09T15:07:44","guid":{"rendered":"http:\/\/magistradoscorrientes.com\/magistrados\/?p=8382"},"modified":"2023-08-09T17:29:27","modified_gmt":"2023-08-09T20:29:27","slug":"el-xviii-encuentro-nacional-de-la-justicia-de-ejecucion-penal-sera-en-corrientes","status":"publish","type":"post","link":"https:\/\/magistradoscorrientes.com\/magistrados\/el-xviii-encuentro-nacional-de-la-justicia-de-ejecucion-penal-sera-en-corrientes\/","title":{"rendered":"El XVIII Encuentro Nacional de la Justicia de Ejecuci\u00f3n Penal ser\u00e1 en Corrientes"},"content":{"rendered":"\n<p>El <strong>\u201c<a href=\"https:\/\/aajep.com.ar\/inscripciones\/xviii-encuentro-nacional\/\">XVIII Encuentro Nacional de la Justicia de Ejecuci\u00f3n Penal\u201d<\/a>, tituladas \u201cLa Ejecuci\u00f3n Penal: \u00bfUn puente hacia la integraci\u00f3n social\u201d, se desarrollar\u00e1 en Corrientes el jueves 21 y viernes 22 de septiembre del 2023<\/strong>, en el Sal\u00f3n Auditorio de la Facultad de Derecho de la UNNE, por calle Salta 459.<\/p>\n\n\n\n<p>El encuentro es organizado por la <em><strong><a href=\"https:\/\/aajep.com.ar\/\">Asociaci\u00f3n Argentina de la Justicia de Ejecuci\u00f3n Penal (AAJEP)<\/a><\/strong><\/em><a href=\"https:\/\/aajep.com.ar\/inscripciones\/xviii-encuentro-nacional\/\"><em> <\/em><\/a>y re\u00fane a numerosos magistrados del fuero penal, operadores del Poder Judicial, y agentes de servicios penitenciarios provenientes de las provincias y del \u00e1mbito federal.<\/p>\n\n\n\n<figure class=\"wp-block-image size-large\"><img loading=\"lazy\" width=\"1024\" height=\"732\" src=\"http:\/\/magistradoscorrientes.com\/magistrados\/wp-content\/uploads\/2023\/08\/WhatsApp-Image-2023-08-09-at-15.32.21-1024x732.jpeg\" alt=\"\" class=\"wp-image-8390\" srcset=\"https:\/\/magistradoscorrientes.com\/magistrados\/wp-content\/uploads\/2023\/08\/WhatsApp-Image-2023-08-09-at-15.32.21-1024x732.jpeg 1024w, https:\/\/magistradoscorrientes.com\/magistrados\/wp-content\/uploads\/2023\/08\/WhatsApp-Image-2023-08-09-at-15.32.21-300x214.jpeg 300w, https:\/\/magistradoscorrientes.com\/magistrados\/wp-content\/uploads\/2023\/08\/WhatsApp-Image-2023-08-09-at-15.32.21-768x549.jpeg 768w, https:\/\/magistradoscorrientes.com\/magistrados\/wp-content\/uploads\/2023\/08\/WhatsApp-Image-2023-08-09-at-15.32.21.jpeg 1293w\" sizes=\"(max-width: 1024px) 100vw, 1024px\" \/><\/figure>\n\n\n\n<p>Toda la informaci\u00f3n sobre <strong>inscripciones, aranceles y programa se encuentra disponible en el sitio https:\/\/aajep.com.ar <\/strong><\/p>\n\n\n\n<p>La actividad, que se extiende durante dos jornadas, se llevar\u00e1n adelante bajo la modalidad de conferencias, entrevistas y talleres participativos. Tambi\u00e9n se realizar\u00e1n pr\u00e1cticas de litigaci\u00f3n oral y an\u00e1lisis de casos bajo la modalidad ateneo. <\/p>\n\n\n\n<p>La jornadas contar\u00e1n con la presencia de operadores directos de la Ejecuci\u00f3n Penal y relacionados con el derecho, la criminolog\u00eda, la psicolog\u00eda, la psiquiatr\u00eda, la medicina y el trabajo social, quienes en conjunto abordar\u00e1n temas tales como la implementaci\u00f3n de los procesos acusatorios adversariales en esta etapa, la conformaci\u00f3n de los informes t\u00e9cnico-criminol\u00f3gicos, la integraci\u00f3n social a trav\u00e9s de programas y redes de contenci\u00f3n, la aplicaci\u00f3n de los modelos restaurativos, terap\u00e9uticos y de la mediaci\u00f3n en contexto de encierro, la dosificaci\u00f3n de las medidas alternativas al encarcelamiento, los modelos de autogesti\u00f3n carcelaria y los avances tecnol\u00f3gicos aplicados a la materia, g\u00e9nero y diversidad en contexto de encierro, entre muchos otros.<\/p>\n\n\n\n<p>El encuentro cuenta con el auspicio y acompa\u00f1amiento de la Universidad Nacional del Nordeste, a trav\u00e9s de la Facultad de Derecho y Ciencias Sociales y Pol\u00edticas, del Superior Tribunal de Justicia de la Provincia de Corrientes, del Ministerio P\u00fablico del Poder Judicial de la Provincia de Corrientes. Declarado de inter\u00e9s por el Colegio de Magistrados y Funcionarios del Ministerio P\u00fablico de Corrientes. <\/p>\n\n\n\n<figure class=\"wp-block-gallery columns-2 is-cropped\"><ul class=\"blocks-gallery-grid\"><li class=\"blocks-gallery-item\"><figure><img loading=\"lazy\" width=\"724\" height=\"1024\" src=\"http:\/\/magistradoscorrientes.com\/magistrados\/wp-content\/uploads\/2023\/08\/WhatsApp-Image-2023-08-09-at-11.43.41-724x1024.jpeg\" alt=\"\" data-id=\"8384\" data-full-url=\"http:\/\/magistradoscorrientes.com\/magistrados\/wp-content\/uploads\/2023\/08\/WhatsApp-Image-2023-08-09-at-11.43.41.jpeg\" data-link=\"http:\/\/magistradoscorrientes.com\/magistrados\/?attachment_id=8384\" class=\"wp-image-8384\" srcset=\"https:\/\/magistradoscorrientes.com\/magistrados\/wp-content\/uploads\/2023\/08\/WhatsApp-Image-2023-08-09-at-11.43.41-724x1024.jpeg 724w, https:\/\/magistradoscorrientes.com\/magistrados\/wp-content\/uploads\/2023\/08\/WhatsApp-Image-2023-08-09-at-11.43.41-212x300.jpeg 212w, https:\/\/magistradoscorrientes.com\/magistrados\/wp-content\/uploads\/2023\/08\/WhatsApp-Image-2023-08-09-at-11.43.41-768x1086.jpeg 768w, https:\/\/magistradoscorrientes.com\/magistrados\/wp-content\/uploads\/2023\/08\/WhatsApp-Image-2023-08-09-at-11.43.41.jpeg 1080w\" sizes=\"(max-width: 724px) 100vw, 724px\" \/><\/figure><\/li><li class=\"blocks-gallery-item\"><figure><img loading=\"lazy\" width=\"716\" height=\"1024\" src=\"http:\/\/magistradoscorrientes.com\/magistrados\/wp-content\/uploads\/2023\/08\/WhatsApp-Image-2023-08-09-at-11.43.41-1-716x1024.jpeg\" alt=\"\" data-id=\"8383\" data-full-url=\"http:\/\/magistradoscorrientes.com\/magistrados\/wp-content\/uploads\/2023\/08\/WhatsApp-Image-2023-08-09-at-11.43.41-1.jpeg\" data-link=\"http:\/\/magistradoscorrientes.com\/magistrados\/?attachment_id=8383\" class=\"wp-image-8383\" srcset=\"https:\/\/magistradoscorrientes.com\/magistrados\/wp-content\/uploads\/2023\/08\/WhatsApp-Image-2023-08-09-at-11.43.41-1-716x1024.jpeg 716w, https:\/\/magistradoscorrientes.com\/magistrados\/wp-content\/uploads\/2023\/08\/WhatsApp-Image-2023-08-09-at-11.43.41-1-210x300.jpeg 210w, https:\/\/magistradoscorrientes.com\/magistrados\/wp-content\/uploads\/2023\/08\/WhatsApp-Image-2023-08-09-at-11.43.41-1-768x1098.jpeg 768w, https:\/\/magistradoscorrientes.com\/magistrados\/wp-content\/uploads\/2023\/08\/WhatsApp-Image-2023-08-09-at-11.43.41-1.jpeg 1034w\" sizes=\"(max-width: 716px) 100vw, 716px\" \/><\/figure><\/li><\/ul><\/figure>\n\n\n\n<p>A su vez, se trabajar\u00e1 con el \u201cObservatorio Permanente de An\u00e1lisis y Propuestas para la Ejecuci\u00f3n Penal\u201d, conformado en diciembre de 2021, destinado a colectar evidencia relacionada con la materia.<\/p>\n\n\n\n<p><strong>Sobre la AAJEP<\/strong><\/p>\n\n\n\n<p>La Asociaci\u00f3n Argentina de la Justicia de Ejecuci\u00f3n Penal actualmente es presidida por la Dra Mar\u00eda Jimena Monsalve y la integran 2 Asociadas de nuestro Colegio, la <strong>Dra Mar\u00eda Teresa Zacar\u00edas como Vocal de la Comisi\u00f3n Directiva y la Dra Mariela Armend\u00eda quien desempe\u00f1a funciones como Presidente de la Comisi\u00f3n de Adherentes de la Asociaci\u00f3n.<\/strong><\/p>\n\n\n\n<p>La AAJEP se constituy\u00f3 en marzo de 2019, como resultado de un largo proceso de catorce a\u00f1os de Encuentros Nacionales de Ejecuci\u00f3n Penal, que se realizaron anualmente en distintas provincias de la Rep\u00fablica Argentina, para debatir los temas de inter\u00e9s y actualidad en la materia.&nbsp;<\/p>\n\n\n\n<p>Esos encuentros convocaron gran cantidad de personas relacionadas con la ejecuci\u00f3n de la pena, jueces de ejecuci\u00f3n penal de todo el pa\u00eds, personas de los \u00e1mbitos acad\u00e9micos, operadores judiciales, integrantes de los servicios penitenciarios, miembros de los equipos t\u00e9cnico-criminol\u00f3gicos especialistas en otras disciplinas, alumnos de Derecho, que esperaban con enorme entusiasmo esta reuni\u00f3n anual y se integraban a todas las actividades propuestas.&nbsp;<\/p>\n\n\n\n<figure class=\"wp-block-image size-large\"><img loading=\"lazy\" width=\"1024\" height=\"461\" src=\"http:\/\/magistradoscorrientes.com\/magistrados\/wp-content\/uploads\/2023\/08\/WhatsApp-Image-2023-08-09-at-15.32.21-1-1024x461.jpeg\" alt=\"\" class=\"wp-image-8389\" srcset=\"https:\/\/magistradoscorrientes.com\/magistrados\/wp-content\/uploads\/2023\/08\/WhatsApp-Image-2023-08-09-at-15.32.21-1-1024x461.jpeg 1024w, https:\/\/magistradoscorrientes.com\/magistrados\/wp-content\/uploads\/2023\/08\/WhatsApp-Image-2023-08-09-at-15.32.21-1-300x135.jpeg 300w, https:\/\/magistradoscorrientes.com\/magistrados\/wp-content\/uploads\/2023\/08\/WhatsApp-Image-2023-08-09-at-15.32.21-1-768x346.jpeg 768w, https:\/\/magistradoscorrientes.com\/magistrados\/wp-content\/uploads\/2023\/08\/WhatsApp-Image-2023-08-09-at-15.32.21-1-1536x691.jpeg 1536w, https:\/\/magistradoscorrientes.com\/magistrados\/wp-content\/uploads\/2023\/08\/WhatsApp-Image-2023-08-09-at-15.32.21-1.jpeg 1600w\" sizes=\"(max-width: 1024px) 100vw, 1024px\" \/><\/figure>\n\n\n\n<p>AL concluir el XIV Encuentro Nacional en la ciudad de Mendoza, en 2018, un grupo representativo de jueces de la Naci\u00f3n concluyeron en la necesidad de asociarse&nbsp; y all\u00ed mismo se comenz\u00f3 a construir el objeto social que ser\u00eda la base fundacional de nuestra querida AAJEP . Luego se dieron cita en la ciudad de Buenos Aires, para poder nacer formalmente como&nbsp; una entidad dedicada al estudio, difusi\u00f3n, ense\u00f1anza y sensibilizaci\u00f3n del derecho de la ejecuci\u00f3n penal bajo la perspectiva de los Derechos Humanos y basada en el principio pro homine.<\/p>\n\n\n\n<p>Nuestra propuesta de trabajo se basa especialmente en los intercambios de buenas pr\u00e1cticas. Esta modalidad se traslada a los encuentros presenciales y virtuales, en los que instamos la modalidad de conversatorios, a fin de que la modalidad sea plural y los resultados se enriquezcan con las experiencias evidenciadas en toda nuestra Naci\u00f3n.<\/p>\n\n\n\n<figure class=\"wp-block-image size-large\"><img loading=\"lazy\" width=\"1024\" height=\"503\" src=\"http:\/\/magistradoscorrientes.com\/magistrados\/wp-content\/uploads\/2023\/08\/WhatsApp-Image-2023-08-09-at-15.33.03-1024x503.jpeg\" alt=\"\" class=\"wp-image-8388\" srcset=\"https:\/\/magistradoscorrientes.com\/magistrados\/wp-content\/uploads\/2023\/08\/WhatsApp-Image-2023-08-09-at-15.33.03-1024x503.jpeg 1024w, https:\/\/magistradoscorrientes.com\/magistrados\/wp-content\/uploads\/2023\/08\/WhatsApp-Image-2023-08-09-at-15.33.03-300x147.jpeg 300w, https:\/\/magistradoscorrientes.com\/magistrados\/wp-content\/uploads\/2023\/08\/WhatsApp-Image-2023-08-09-at-15.33.03-768x377.jpeg 768w, https:\/\/magistradoscorrientes.com\/magistrados\/wp-content\/uploads\/2023\/08\/WhatsApp-Image-2023-08-09-at-15.33.03-1536x755.jpeg 1536w, https:\/\/magistradoscorrientes.com\/magistrados\/wp-content\/uploads\/2023\/08\/WhatsApp-Image-2023-08-09-at-15.33.03.jpeg 1600w\" sizes=\"(max-width: 1024px) 100vw, 1024px\" \/><\/figure>\n\n\n\n<p>La entidad fue conformada en el a\u00f1o 2019, y seg\u00fan el art\u00edculo 2\u00b0 del estatuto constitutivo, se asocia con el fin de \u201cInformar, concientizar y sensibilizar a la ciudadan\u00eda en general y a las\/los magistradas\/os en particular sobre la necesidad impostergable de la defensa irrestricta y vigencia de los derechos humanos con el objetivo de ayudar a mejorar el nivel de vida mediante la imparcial administraci\u00f3n de justicia, proponiendo a tal fin: <\/p>\n\n\n\n<p>a) constituir un centro de divulgaci\u00f3n y de recursos para distribuir informaci\u00f3n que se relacione con los jueces de ejecuci\u00f3n penal; <\/p>\n\n\n\n<p>b) llevar a cabo investigaciones, regionales o conferencias nacionales e intercambios judiciales y programas de orientaci\u00f3n que contribuyan a la comprensi\u00f3n y resoluci\u00f3n de temas cr\u00edticos jur\u00eddicos con los que se enfrentan; <\/p>\n\n\n\n<p>c) alentar la cooperaci\u00f3n y participaci\u00f3n entre los jueces del fuero de todo el pa\u00eds; <\/p>\n\n\n\n<p>d) asegurar que el sistema jur\u00eddico facilite y proteja los derechos e intereses de las personas privadas de su libertad y que en \u00e9l se refleje un trato igualitario; <\/p>\n\n\n\n<p>e) contribuir al desarrollo de leyes sobre derechos humanos para que el sistema legal facilite y proteja los derechos de las personas privadas de su libertad en un pie de igualdad;<\/p>\n\n\n\n<p> f) encarar otros temas importantes relacionados con el avance y mejoras en el sistema jur\u00eddico;<\/p>\n\n\n\n<p> g)velar por el mantenimiento del orden, el respeto y la dignidad propias de la funci\u00f3n judicial, a fin de que la labor que ella implica traduzca un constante sentido de superaci\u00f3n cient\u00edfica y cultural; <\/p>\n\n\n\n<p>h) representar a sus asociados en la defensa de sus intereses leg\u00edtimos compatibles con los objetivos de la Asociaci\u00f3n;<\/p>\n\n\n\n<p> i) formar parte de federaciones, confederaciones o asociaciones de magistrados\/as nacionales o internacionales.\u201d<\/p>\n\n\n\n<p><\/p>\n","protected":false},"excerpt":{"rendered":"<p>El \u201cXVIII Encuentro Nacional de la Justicia de Ejecuci\u00f3n Penal\u201d, tituladas \u201cLa Ejecuci\u00f3n Penal: \u00bfUn puente hacia la integraci\u00f3n social\u201d, se desarrollar\u00e1 en Corrientes el jueves 21 y viernes 22 de septiembre del 2023, en el Sal\u00f3n Auditorio de la Facultad de Derecho de la UNNE, por calle Salta 459. El encuentro es organizado por la Asociaci\u00f3n Argentina de la [&hellip;]<\/p>\n","protected":false},"author":2,"featured_media":8388,"comment_status":"closed","ping_status":"open","sticky":false,"template":"","format":"standard","meta":{"ngg_post_thumbnail":0},"categories":[13],"tags":[],"_links":{"self":[{"href":"https:\/\/magistradoscorrientes.com\/magistrados\/wp-json\/wp\/v2\/posts\/8382"}],"collection":[{"href":"https:\/\/magistradoscorrientes.com\/magistrados\/wp-json\/wp\/v2\/posts"}],"about":[{"href":"https:\/\/magistradoscorrientes.com\/magistrados\/wp-json\/wp\/v2\/types\/post"}],"author":[{"embeddable":true,"href":"https:\/\/magistradoscorrientes.com\/magistrados\/wp-json\/wp\/v2\/users\/2"}],"replies":[{"embeddable":true,"href":"https:\/\/magistradoscorrientes.com\/magistrados\/wp-json\/wp\/v2\/comments?post=8382"}],"version-history":[{"count":8,"href":"https:\/\/magistradoscorrientes.com\/magistrados\/wp-json\/wp\/v2\/posts\/8382\/revisions"}],"predecessor-version":[{"id":8398,"href":"https:\/\/magistradoscorrientes.com\/magistrados\/wp-json\/wp\/v2\/posts\/8382\/revisions\/8398"}],"wp:featuredmedia":[{"embeddable":true,"href":"https:\/\/magistradoscorrientes.com\/magistrados\/wp-json\/wp\/v2\/media\/8388"}],"wp:attachment":[{"href":"https:\/\/magistradoscorrientes.com\/magistrados\/wp-json\/wp\/v2\/media?parent=8382"}],"wp:term":[{"taxonomy":"category","embeddable":true,"href":"https:\/\/magistradoscorrientes.com\/magistrados\/wp-json\/wp\/v2\/categories?post=8382"},{"taxonomy":"post_tag","embeddable":true,"href":"https:\/\/magistradoscorrientes.com\/magistrados\/wp-json\/wp\/v2\/tags?post=8382"}],"curies":[{"name":"wp","href":"https:\/\/api.w.org\/{rel}","templated":true}]}}