{"id":8409,"date":"2023-09-12T10:26:40","date_gmt":"2023-09-12T13:26:40","guid":{"rendered":"http:\/\/magistradoscorrientes.com\/magistrados\/?p=8409"},"modified":"2023-09-12T10:29:43","modified_gmt":"2023-09-12T13:29:43","slug":"dra-masferrer-participara-del-iii-encuentro-interinstitucional-y-de-egresados-de-la-universidad-de-bolonia-en-latinoamerica","status":"publish","type":"post","link":"https:\/\/magistradoscorrientes.com\/magistrados\/dra-masferrer-participara-del-iii-encuentro-interinstitucional-y-de-egresados-de-la-universidad-de-bolonia-en-latinoamerica\/","title":{"rendered":"Dra Masferrer participar\u00e1 del III Encuentro Interinstitucional y de Egresados de la Universidad de Bolonia en Latinoam\u00e9rica"},"content":{"rendered":"\n<p>Nuestra Presidente, Dra Luz Masferrer participar\u00e1 en Asunci\u00f3n (Paraguay), el pr\u00f3ximo mi\u00e9rcoles 13 y jueves 14 de septiembre, del III Encuentro Interinstitucional y de egresados de la Universidad de Bolonia en Latinoam\u00e9rica: \u2018\u2019Riesgos y desaf\u00edos de la Democracia Global\u2019\u2019. <\/p>\n\n\n\n<p>El Sal\u00f3n auditorio del Poder Judicial de Paraguay y Sal\u00f3n Bicameral del Congreso Nacional, ser\u00e1n los escenarios elegidos para el desarrollo del evento que reunir\u00e1 un gran n\u00famero de expositores de renombre. <\/p>\n\n\n\n<p>El encuentro acad\u00e9mico es organizado por la Corte Suprema de Justicia del Paraguay, Instituto para el Desarrollo Constitucional (IDC (Argentina), Programas Jur\u00eddicos de Especializaci\u00f3n, M\u00e1ster y Posdoctorado de la Universidad de Bolonia, Italia y el Instituto Paraguayo de Derecho Constitucional. El Director Acad\u00e9mico Prof. Dr. Jorge Alejandro Amaya y los Coordinadores Acad\u00e9micos ser\u00e1n los Dres Robert Marcial Gonz\u00e1lez, Manuel Riera Dom\u00ednguez, Joel Melgarejo.<\/p>\n\n\n\n<p>El viernes 15 de septiembre, en el marco del Quinto Panel \u00bbRiesgos y Desaf\u00edos del Poder Judicial\u00bb, nuestra Presidente abordar\u00e1 el tema: \u201cDesaf\u00edos de la judicatura. Una visi\u00f3n desde las Asociaciones de Magistrados\u201d. Fue <strong>\u00bbDeclarado de Inter\u00e9s\u00bb<\/strong> por el Colegio de Magistrados y Funcionarios del Poder Judicial Corrientes, seg\u00fan Resoluci\u00f3n N 07 del 25 de julio del 2023.<\/p>\n\n\n\n<figure class=\"wp-block-image size-large\"><img loading=\"lazy\" width=\"576\" height=\"1024\" src=\"https:\/\/magistradoscorrientes.com\/magistrados\/wp-content\/uploads\/2023\/09\/WhatsApp-Image-2023-09-12-at-10.08.15-1-576x1024.jpeg\" alt=\"\" class=\"wp-image-8410\" srcset=\"https:\/\/magistradoscorrientes.com\/magistrados\/wp-content\/uploads\/2023\/09\/WhatsApp-Image-2023-09-12-at-10.08.15-1-576x1024.jpeg 576w, https:\/\/magistradoscorrientes.com\/magistrados\/wp-content\/uploads\/2023\/09\/WhatsApp-Image-2023-09-12-at-10.08.15-1-169x300.jpeg 169w, https:\/\/magistradoscorrientes.com\/magistrados\/wp-content\/uploads\/2023\/09\/WhatsApp-Image-2023-09-12-at-10.08.15-1-768x1366.jpeg 768w, https:\/\/magistradoscorrientes.com\/magistrados\/wp-content\/uploads\/2023\/09\/WhatsApp-Image-2023-09-12-at-10.08.15-1-864x1536.jpeg 864w, https:\/\/magistradoscorrientes.com\/magistrados\/wp-content\/uploads\/2023\/09\/WhatsApp-Image-2023-09-12-at-10.08.15-1.jpeg 899w\" sizes=\"(max-width: 576px) 100vw, 576px\" \/><\/figure>\n\n\n\n<p>\ud83e\udd33 Todos los detalles en: https:\/\/idcar.com.ar\/encuentro-asuncion\/<\/p>\n\n\n\n<p>&#8212;<\/p>\n\n\n\n<figure class=\"wp-block-embed-wordpress wp-block-embed is-type-wp-embed is-provider-colegio-de-magistrados-y-funcionarios-del-poder-judicial-de-corrientes\"><div class=\"wp-block-embed__wrapper\">\n<blockquote class=\"wp-embedded-content\" data-secret=\"CLX0fdJQir\"><a href=\"https:\/\/magistradoscorrientes.com\/magistrados\/importante-bonificacion-para-magistrados-en-especializacion-y-master-de-la-universidad-de-bolonia\/\">Importante bonificaci\u00f3n para magistrados en Especializaci\u00f3n y Master de la Universidad de Bolonia<\/a><\/blockquote><iframe class=\"wp-embedded-content\" sandbox=\"allow-scripts\" security=\"restricted\" style=\"position: absolute; clip: rect(1px, 1px, 1px, 1px);\" title=\"\u00abImportante bonificaci\u00f3n para magistrados en Especializaci\u00f3n y Master de la Universidad de Bolonia\u00bb \u2014 Colegio de Magistrados y Funcionarios del Poder Judicial de Corrientes\" src=\"https:\/\/magistradoscorrientes.com\/magistrados\/importante-bonificacion-para-magistrados-en-especializacion-y-master-de-la-universidad-de-bolonia\/embed\/#?secret=CLX0fdJQir\" data-secret=\"CLX0fdJQir\" width=\"600\" height=\"338\" frameborder=\"0\" marginwidth=\"0\" marginheight=\"0\" scrolling=\"no\"><\/iframe>\n<\/div><\/figure>\n","protected":false},"excerpt":{"rendered":"<p>Nuestra Presidente, Dra Luz Masferrer participar\u00e1 en Asunci\u00f3n (Paraguay), el pr\u00f3ximo mi\u00e9rcoles 13 y jueves 14 de septiembre, del III Encuentro Interinstitucional y de egresados de la Universidad de Bolonia en Latinoam\u00e9rica: \u2018\u2019Riesgos y desaf\u00edos de la Democracia Global\u2019\u2019. El Sal\u00f3n auditorio del Poder Judicial de Paraguay y Sal\u00f3n Bicameral del Congreso Nacional, ser\u00e1n los escenarios elegidos para el desarrollo [&hellip;]<\/p>\n","protected":false},"author":2,"featured_media":8411,"comment_status":"closed","ping_status":"open","sticky":false,"template":"","format":"standard","meta":{"ngg_post_thumbnail":0},"categories":[13],"tags":[],"_links":{"self":[{"href":"https:\/\/magistradoscorrientes.com\/magistrados\/wp-json\/wp\/v2\/posts\/8409"}],"collection":[{"href":"https:\/\/magistradoscorrientes.com\/magistrados\/wp-json\/wp\/v2\/posts"}],"about":[{"href":"https:\/\/magistradoscorrientes.com\/magistrados\/wp-json\/wp\/v2\/types\/post"}],"author":[{"embeddable":true,"href":"https:\/\/magistradoscorrientes.com\/magistrados\/wp-json\/wp\/v2\/users\/2"}],"replies":[{"embeddable":true,"href":"https:\/\/magistradoscorrientes.com\/magistrados\/wp-json\/wp\/v2\/comments?post=8409"}],"version-history":[{"count":2,"href":"https:\/\/magistradoscorrientes.com\/magistrados\/wp-json\/wp\/v2\/posts\/8409\/revisions"}],"predecessor-version":[{"id":8413,"href":"https:\/\/magistradoscorrientes.com\/magistrados\/wp-json\/wp\/v2\/posts\/8409\/revisions\/8413"}],"wp:featuredmedia":[{"embeddable":true,"href":"https:\/\/magistradoscorrientes.com\/magistrados\/wp-json\/wp\/v2\/media\/8411"}],"wp:attachment":[{"href":"https:\/\/magistradoscorrientes.com\/magistrados\/wp-json\/wp\/v2\/media?parent=8409"}],"wp:term":[{"taxonomy":"category","embeddable":true,"href":"https:\/\/magistradoscorrientes.com\/magistrados\/wp-json\/wp\/v2\/categories?post=8409"},{"taxonomy":"post_tag","embeddable":true,"href":"https:\/\/magistradoscorrientes.com\/magistrados\/wp-json\/wp\/v2\/tags?post=8409"}],"curies":[{"name":"wp","href":"https:\/\/api.w.org\/{rel}","templated":true}]}}