{"id":8414,"date":"2023-09-20T15:33:02","date_gmt":"2023-09-20T18:33:02","guid":{"rendered":"http:\/\/magistradoscorrientes.com\/magistrados\/?p=8414"},"modified":"2023-09-20T15:38:17","modified_gmt":"2023-09-20T18:38:17","slug":"la-dra-masferrer-se-refirio-a-los-desafios-de-la-judicatura-desde-las-asociaciones-de-magistrados","status":"publish","type":"post","link":"https:\/\/magistradoscorrientes.com\/magistrados\/la-dra-masferrer-se-refirio-a-los-desafios-de-la-judicatura-desde-las-asociaciones-de-magistrados\/","title":{"rendered":"La Dra Masferrer se refiri\u00f3 a los \u00bbDesaf\u00edos de la judicatura desde las Asociaciones de Magistrados\u00bb"},"content":{"rendered":"\n<p>El pasado 14 y 15 de septiembre, en Asunci\u00f3n (Paraguay), nuestra Presidente, <strong>Dra Luz Masferrer<\/strong> particip\u00f3 del <strong>III Encuentro interinstitucional y de egresados de la Universidad de Bolonia en Latinoam\u00e9rica organizado por el Instituto para el Desarrollo Constitucional (IDC) presidido por el Dr. Prof. Jorge Alejandro Amaya.<\/strong><\/p>\n\n\n\n<p><strong>Bajo el lema \u201cRiesgos y Desaf\u00edos de la Democracia Global\u201d<\/strong>, se llevaron a cabo dos intensas jornadas de intercambio y aprendizaje en el Sal\u00f3n auditorio del Poder Judicial y en el Sal\u00f3n Bicameral del Congreso Nacional de la Rep\u00fablica del Paraguay.<\/p>\n\n\n\n<p>Adem\u00e1s, se concret\u00f3 la <strong>presentaci\u00f3n del libro: \u201cFronteras del Sistema Interamericano de Derechos Humanos\u201d a cargo del Dr. Jorge Alejandro Amaya<\/strong>.<\/p>\n\n\n\n<p><em>(Fotos gentileza https:\/\/www.pj.gov.py\/)<\/em><\/p>\n\n\n\n<figure class=\"wp-block-gallery columns-2 is-cropped\"><ul class=\"blocks-gallery-grid\"><li class=\"blocks-gallery-item\"><figure><img loading=\"lazy\" width=\"960\" height=\"640\" src=\"http:\/\/magistradoscorrientes.com\/magistrados\/wp-content\/uploads\/2023\/09\/16-09-23-6505d4d30d151-1.jpg\" alt=\"\" data-id=\"8425\" data-full-url=\"http:\/\/magistradoscorrientes.com\/magistrados\/wp-content\/uploads\/2023\/09\/16-09-23-6505d4d30d151-1.jpg\" data-link=\"http:\/\/magistradoscorrientes.com\/magistrados\/?attachment_id=8425\" class=\"wp-image-8425\" srcset=\"https:\/\/magistradoscorrientes.com\/magistrados\/wp-content\/uploads\/2023\/09\/16-09-23-6505d4d30d151-1.jpg 960w, https:\/\/magistradoscorrientes.com\/magistrados\/wp-content\/uploads\/2023\/09\/16-09-23-6505d4d30d151-1-300x200.jpg 300w, https:\/\/magistradoscorrientes.com\/magistrados\/wp-content\/uploads\/2023\/09\/16-09-23-6505d4d30d151-1-768x512.jpg 768w, https:\/\/magistradoscorrientes.com\/magistrados\/wp-content\/uploads\/2023\/09\/16-09-23-6505d4d30d151-1-391x260.jpg 391w, https:\/\/magistradoscorrientes.com\/magistrados\/wp-content\/uploads\/2023\/09\/16-09-23-6505d4d30d151-1-600x400.jpg 600w\" sizes=\"(max-width: 960px) 100vw, 960px\" \/><\/figure><\/li><li class=\"blocks-gallery-item\"><figure><img loading=\"lazy\" width=\"960\" height=\"640\" src=\"http:\/\/magistradoscorrientes.com\/magistrados\/wp-content\/uploads\/2023\/09\/16-09-23-6505d4d3a0290-3.jpg\" alt=\"\" data-id=\"8424\" data-full-url=\"http:\/\/magistradoscorrientes.com\/magistrados\/wp-content\/uploads\/2023\/09\/16-09-23-6505d4d3a0290-3.jpg\" data-link=\"http:\/\/magistradoscorrientes.com\/magistrados\/?attachment_id=8424\" class=\"wp-image-8424\" srcset=\"https:\/\/magistradoscorrientes.com\/magistrados\/wp-content\/uploads\/2023\/09\/16-09-23-6505d4d3a0290-3.jpg 960w, https:\/\/magistradoscorrientes.com\/magistrados\/wp-content\/uploads\/2023\/09\/16-09-23-6505d4d3a0290-3-300x200.jpg 300w, https:\/\/magistradoscorrientes.com\/magistrados\/wp-content\/uploads\/2023\/09\/16-09-23-6505d4d3a0290-3-768x512.jpg 768w, https:\/\/magistradoscorrientes.com\/magistrados\/wp-content\/uploads\/2023\/09\/16-09-23-6505d4d3a0290-3-391x260.jpg 391w, https:\/\/magistradoscorrientes.com\/magistrados\/wp-content\/uploads\/2023\/09\/16-09-23-6505d4d3a0290-3-600x400.jpg 600w\" sizes=\"(max-width: 960px) 100vw, 960px\" \/><\/figure><\/li><\/ul><\/figure>\n\n\n\n<p>Narcotr\u00e1fico, corrupci\u00f3n y otros delitos complejos. Minor\u00eda, g\u00e9nero y diversidad. Riesgos y desaf\u00edos del poder judicial. Riesgos y desaf\u00edos de los poderes pol\u00edticos. El debido proceso en el marco de la democracia global y Riesgos y desaf\u00edos del Sistema Interamericano de Derechos Humanos, fueron los ejes tem\u00e1ticos elegidos.<\/p>\n\n\n\n<p>Nuestra Presidente Dra. Masferrer, form\u00f3 parte del <strong>panel: \u2018\u2019Riesgos y desaf\u00edos del Poder Judicial\u2019\u2019,<\/strong> abordando concretamente el tema <strong>\u201cDesaf\u00edos de la judicatura. Una visi\u00f3n desde las Asociaciones de Magistrados\u201d.<\/strong> <\/p>\n\n\n\n<figure class=\"wp-block-image size-large is-resized\"><img loading=\"lazy\" src=\"http:\/\/magistradoscorrientes.com\/magistrados\/wp-content\/uploads\/2023\/09\/WhatsApp-Image-2023-09-15-at-18.28.26-1024x652.jpeg\" alt=\"\" class=\"wp-image-8418\" width=\"585\" height=\"372\" srcset=\"https:\/\/magistradoscorrientes.com\/magistrados\/wp-content\/uploads\/2023\/09\/WhatsApp-Image-2023-09-15-at-18.28.26-1024x652.jpeg 1024w, https:\/\/magistradoscorrientes.com\/magistrados\/wp-content\/uploads\/2023\/09\/WhatsApp-Image-2023-09-15-at-18.28.26-300x191.jpeg 300w, https:\/\/magistradoscorrientes.com\/magistrados\/wp-content\/uploads\/2023\/09\/WhatsApp-Image-2023-09-15-at-18.28.26-768x489.jpeg 768w, https:\/\/magistradoscorrientes.com\/magistrados\/wp-content\/uploads\/2023\/09\/WhatsApp-Image-2023-09-15-at-18.28.26.jpeg 1280w\" sizes=\"(max-width: 585px) 100vw, 585px\" \/><\/figure>\n\n\n\n<p>Al respecto se\u00f1al\u00f3: \u2018\u2019<em>Esta participaci\u00f3n acad\u00e9mica result\u00f3 coincidente con el D\u00eda del Magistratura y la Funci\u00f3n Judicial, establecido con motivo de la creaci\u00f3n de la Federaci\u00f3n Argentina de la Magistratura y de la Funci\u00f3n Judicial (FAM), un 15 de septiembre de 1966 en la ciudad de San Nicol\u00e1s de los Arroyos. La tem\u00e1tica desarrollada vers\u00f3 sobre los desaf\u00edos de la judicatura desde una visi\u00f3n de las Asociaciones de Magistrados<\/em>.\u201d<\/p>\n\n\n\n<p>\u201c<em>Se ha hecho referencia a que los objetivos de las asociaciones se vinculan principalmente a la defensa de la independencia judicial y el mejoramiento del servicio de Justicia, destacando que FAM re\u00fane en un plano de igualdad a las Asociaciones y Colegios de Magistrados y funcionarios del Poder Judicial de las 24 provincias argentinas, incluida CABA<\/em>.\u00bb<\/p>\n\n\n\n<p>Comparti\u00f3 panel junto al Presidente del Superior Tribunal de Justicia de Corrientes, Dr. Luis Eduardo Rey V\u00e1zquez quien habl\u00f3 acerca de \u201cLas funciones administrativas y de gobierno del Poder Judicial. Desaf\u00edos y perspectivas\u201d.<\/p>\n\n\n\n<p>Tambi\u00e9n particip\u00f3 la Dra. Mar\u00eda Soledad Melo Labra, Ministra de la Corte Suprema de Justicia de la Rep\u00fablica de Chile refiri\u00e9ndose a los \u201cRiesgos y desaf\u00edos del Poder Judicial Chileno\u201d, el Dr. Francisco Ferrer, Juez Contencioso Administrativo Tributario de la Ciudad de Buenos Aires quien detall\u00f3 \u201cLa actuaci\u00f3n del Poder Judicial en garant\u00eda de los derechos fundamentales y su problem\u00e1tica relaci\u00f3n con los modelos de democracia\u201d y el Dr. Gonzalo Salerno, Argentina \u2013 Decano de la Facultad de Derecho de la Universidad Nacional de Catamarca, Argentina abordando el \u201cRol de los Jueces frente a la desigualdad y sus desaf\u00edos\u201d.<\/p>\n\n\n\n<figure class=\"wp-block-image size-large\"><img loading=\"lazy\" width=\"1024\" height=\"768\" src=\"http:\/\/magistradoscorrientes.com\/magistrados\/wp-content\/uploads\/2023\/09\/WhatsApp-Image-2023-09-15-at-18.30.13-1024x768.jpeg\" alt=\"\" class=\"wp-image-8421\" srcset=\"https:\/\/magistradoscorrientes.com\/magistrados\/wp-content\/uploads\/2023\/09\/WhatsApp-Image-2023-09-15-at-18.30.13-1024x768.jpeg 1024w, https:\/\/magistradoscorrientes.com\/magistrados\/wp-content\/uploads\/2023\/09\/WhatsApp-Image-2023-09-15-at-18.30.13-300x225.jpeg 300w, https:\/\/magistradoscorrientes.com\/magistrados\/wp-content\/uploads\/2023\/09\/WhatsApp-Image-2023-09-15-at-18.30.13-768x576.jpeg 768w, https:\/\/magistradoscorrientes.com\/magistrados\/wp-content\/uploads\/2023\/09\/WhatsApp-Image-2023-09-15-at-18.30.13-1536x1152.jpeg 1536w, https:\/\/magistradoscorrientes.com\/magistrados\/wp-content\/uploads\/2023\/09\/WhatsApp-Image-2023-09-15-at-18.30.13.jpeg 1600w\" sizes=\"(max-width: 1024px) 100vw, 1024px\" \/><\/figure>\n\n\n\n<p>En su participaci\u00f3n del panel, nuestra Presidente mencion\u00f3 las tem\u00e1ticas tratadas desde la Federaci\u00f3n que representan desaf\u00edos de la judicatura en estos tiempos, frente a las nuevas demandas sociales, y las l\u00edneas de trabajo desarrolladas con el apoyo de los operadores judiciales de todas las provincias. Inseguridad, impactos tecnol\u00f3gicos, nuevos roles ante nuevos procesos, nuevas organizaciones de trabajo, nuevos mecanismos de composici\u00f3n de los conflictos, han sido algunos de los temas que&nbsp; -se\u00f1al\u00f3 &#8211; forman parte de la agenda de FAM.&nbsp; &nbsp;&nbsp;<\/p>\n\n\n\n<p>Tambi\u00e9n destac\u00f3 que la Federaci\u00f3n se caracteriza por la igualdad, ya que cada Asociaci\u00f3n tiene un voto en la Junta de Gobierno sin importar la cantidad de asociados. \u201c<em>Caracterizan a las asociaciones la diversidad y la horizontalidad en su composici\u00f3n, ya que en ellas no se distinguen los rangos jer\u00e1rquicos propios de la funci\u00f3n, y la diversidad de su composici\u00f3n abarcativa de magistrados, secretarios y funcionarios del Ministerio P\u00fablico, favorecen a la visi\u00f3n integral que se tiene de la funci\u00f3n judicial<\/em>\u2019\u2019.<\/p>\n\n\n\n<p><em>\u201cAdem\u00e1s, se trabaja fuertemente desde FAM para fortalecer los v\u00ednculos institucionales con los Superiores Tribuales de Justicia, adem\u00e1s de otras entidades como por ejemplo JU. FE. JUS e instituciones acad\u00e9micas y universitarias orientadas a la formaci\u00f3n y capacitaci\u00f3n<\/em>\u2019\u2019.<\/p>\n\n\n\n<p>\u2018\u2019<em>Valoramos el aporte que puede hacerse desde la labor judicial diaria para encarar las modificaciones del sistema, y para proponer reformas reglamentarias y legislativas que mejoren el servicio de justicia. Por eso reclamamos participaci\u00f3n en los procesos de reforma, con la plena convicci\u00f3n de que el \u00e9xito de las transformaciones est\u00e1 en sumar a los actores judiciales desde la idea hasta su realizaci\u00f3n\u201d, concluy\u00f3.<\/em><\/p>\n\n\n\n<p><strong>Firma del convenio<\/strong><\/p>\n\n\n\n<p>El Colegio de Magistrados y Funcionarios del Poder Judicial de Corrientes fue invitado a participar del destacado encuentro, en el marco del convenio con el Instituto para el Desarrollo Constitucional (IDC) rubricado en febrero del 2022.<\/p>\n\n\n\n<figure class=\"wp-block-embed-wordpress wp-block-embed is-type-wp-embed is-provider-colegio-de-magistrados-y-funcionarios-del-poder-judicial-de-corrientes\"><div class=\"wp-block-embed__wrapper\">\n<blockquote class=\"wp-embedded-content\" data-secret=\"et6gg2IAkG\"><a href=\"https:\/\/magistradoscorrientes.com\/magistrados\/importante-bonificacion-para-magistrados-en-especializacion-y-master-de-la-universidad-de-bolonia\/\">Importante bonificaci\u00f3n para magistrados en Especializaci\u00f3n y Master de la Universidad de Bolonia<\/a><\/blockquote><iframe class=\"wp-embedded-content\" sandbox=\"allow-scripts\" security=\"restricted\" style=\"position: absolute; clip: rect(1px, 1px, 1px, 1px);\" title=\"\u00abImportante bonificaci\u00f3n para magistrados en Especializaci\u00f3n y Master de la Universidad de Bolonia\u00bb \u2014 Colegio de Magistrados y Funcionarios del Poder Judicial de Corrientes\" src=\"https:\/\/magistradoscorrientes.com\/magistrados\/importante-bonificacion-para-magistrados-en-especializacion-y-master-de-la-universidad-de-bolonia\/embed\/#?secret=et6gg2IAkG\" data-secret=\"et6gg2IAkG\" width=\"600\" height=\"338\" frameborder=\"0\" marginwidth=\"0\" marginheight=\"0\" scrolling=\"no\"><\/iframe>\n<\/div><\/figure>\n","protected":false},"excerpt":{"rendered":"<p>El pasado 14 y 15 de septiembre, en Asunci\u00f3n (Paraguay), nuestra Presidente, Dra Luz Masferrer particip\u00f3 del III Encuentro interinstitucional y de egresados de la Universidad de Bolonia en Latinoam\u00e9rica organizado por el Instituto para el Desarrollo Constitucional (IDC) presidido por el Dr. Prof. Jorge Alejandro Amaya. Bajo el lema \u201cRiesgos y Desaf\u00edos de la Democracia Global\u201d, se llevaron a [&hellip;]<\/p>\n","protected":false},"author":2,"featured_media":8415,"comment_status":"closed","ping_status":"open","sticky":false,"template":"","format":"standard","meta":{"ngg_post_thumbnail":0},"categories":[13],"tags":[],"_links":{"self":[{"href":"https:\/\/magistradoscorrientes.com\/magistrados\/wp-json\/wp\/v2\/posts\/8414"}],"collection":[{"href":"https:\/\/magistradoscorrientes.com\/magistrados\/wp-json\/wp\/v2\/posts"}],"about":[{"href":"https:\/\/magistradoscorrientes.com\/magistrados\/wp-json\/wp\/v2\/types\/post"}],"author":[{"embeddable":true,"href":"https:\/\/magistradoscorrientes.com\/magistrados\/wp-json\/wp\/v2\/users\/2"}],"replies":[{"embeddable":true,"href":"https:\/\/magistradoscorrientes.com\/magistrados\/wp-json\/wp\/v2\/comments?post=8414"}],"version-history":[{"count":4,"href":"https:\/\/magistradoscorrientes.com\/magistrados\/wp-json\/wp\/v2\/posts\/8414\/revisions"}],"predecessor-version":[{"id":8430,"href":"https:\/\/magistradoscorrientes.com\/magistrados\/wp-json\/wp\/v2\/posts\/8414\/revisions\/8430"}],"wp:featuredmedia":[{"embeddable":true,"href":"https:\/\/magistradoscorrientes.com\/magistrados\/wp-json\/wp\/v2\/media\/8415"}],"wp:attachment":[{"href":"https:\/\/magistradoscorrientes.com\/magistrados\/wp-json\/wp\/v2\/media?parent=8414"}],"wp:term":[{"taxonomy":"category","embeddable":true,"href":"https:\/\/magistradoscorrientes.com\/magistrados\/wp-json\/wp\/v2\/categories?post=8414"},{"taxonomy":"post_tag","embeddable":true,"href":"https:\/\/magistradoscorrientes.com\/magistrados\/wp-json\/wp\/v2\/tags?post=8414"}],"curies":[{"name":"wp","href":"https:\/\/api.w.org\/{rel}","templated":true}]}}