{"id":8431,"date":"2023-09-25T14:50:04","date_gmt":"2023-09-25T17:50:04","guid":{"rendered":"http:\/\/magistradoscorrientes.com\/magistrados\/?p=8431"},"modified":"2023-09-25T14:50:04","modified_gmt":"2023-09-25T17:50:04","slug":"actividades-culturales-abiertas-a-la-comunidad-por-el-dia-del-magistrado-y-la-funcion-judicial","status":"publish","type":"post","link":"https:\/\/magistradoscorrientes.com\/magistrados\/actividades-culturales-abiertas-a-la-comunidad-por-el-dia-del-magistrado-y-la-funcion-judicial\/","title":{"rendered":"Actividades culturales abiertas a la comunidad por el D\u00eda del Magistrado y la Funci\u00f3n Judicial"},"content":{"rendered":"\n<p>Los invitamos a sumarse a las siguientes actividades culturales previstas en el marco de los festejos por D\u00eda del Magistrado y la Funci\u00f3n Judicial.<\/p>\n\n\n\n<p>Este jueves 28, en nuestro Colegio tendremos la participaci\u00f3n del Coro de la Universidad Nacional del Nordeste (UNNE), a cargo de la Maestra Andrea Fusco a partir de las 19,30hs- <\/p>\n\n\n\n<p>Tambi\u00e9n, habr\u00e1 una Exposici\u00f3n Art\u00edstica de cuadros y obras organizado por profesores y alumnos del Instituto Josefina Contte.- <\/p>\n\n\n\n<p>El viernes 29, a partir de las 19:30 hs, se realizar\u00e1 una Misa de Acci\u00f3n de Gracia en la Iglesia San Francisco Solano (Mendoza 420, entre Fray Jos\u00e9 de la Quintana y Pl\u00e1cido Mart\u00ednez).<\/p>\n\n\n\n<p> Invitamos a los Asociados del Colegio y a la comunidad en general a que se acerquen y participen de las actividades programadas, a presenciar los trabajos que se exponen y a compartir un grato momento de camarader\u00eda.<\/p>\n\n\n\n<p>\u00a1Los esperamos!<\/p>\n\n\n\n<figure class=\"wp-block-image size-large\"><img loading=\"lazy\" width=\"1024\" height=\"1024\" src=\"https:\/\/magistradoscorrientes.com\/magistrados\/wp-content\/uploads\/2023\/09\/Actividades-culturales-por-el-Dia-del-Magistrado-1024x1024.png\" alt=\"\" class=\"wp-image-8432\" srcset=\"https:\/\/magistradoscorrientes.com\/magistrados\/wp-content\/uploads\/2023\/09\/Actividades-culturales-por-el-Dia-del-Magistrado-1024x1024.png 1024w, https:\/\/magistradoscorrientes.com\/magistrados\/wp-content\/uploads\/2023\/09\/Actividades-culturales-por-el-Dia-del-Magistrado-300x300.png 300w, https:\/\/magistradoscorrientes.com\/magistrados\/wp-content\/uploads\/2023\/09\/Actividades-culturales-por-el-Dia-del-Magistrado-150x150.png 150w, https:\/\/magistradoscorrientes.com\/magistrados\/wp-content\/uploads\/2023\/09\/Actividades-culturales-por-el-Dia-del-Magistrado-768x768.png 768w, https:\/\/magistradoscorrientes.com\/magistrados\/wp-content\/uploads\/2023\/09\/Actividades-culturales-por-el-Dia-del-Magistrado.png 1080w\" sizes=\"(max-width: 1024px) 100vw, 1024px\" \/><\/figure>\n","protected":false},"excerpt":{"rendered":"<p>Los invitamos a sumarse a las siguientes actividades culturales previstas en el marco de los festejos por D\u00eda del Magistrado y la Funci\u00f3n Judicial. Este jueves 28, en nuestro Colegio tendremos la participaci\u00f3n del Coro de la Universidad Nacional del Nordeste (UNNE), a cargo de la Maestra Andrea Fusco a partir de las 19,30hs- Tambi\u00e9n, habr\u00e1 una Exposici\u00f3n Art\u00edstica de [&hellip;]<\/p>\n","protected":false},"author":2,"featured_media":8433,"comment_status":"closed","ping_status":"open","sticky":false,"template":"","format":"standard","meta":{"ngg_post_thumbnail":0},"categories":[13],"tags":[],"_links":{"self":[{"href":"https:\/\/magistradoscorrientes.com\/magistrados\/wp-json\/wp\/v2\/posts\/8431"}],"collection":[{"href":"https:\/\/magistradoscorrientes.com\/magistrados\/wp-json\/wp\/v2\/posts"}],"about":[{"href":"https:\/\/magistradoscorrientes.com\/magistrados\/wp-json\/wp\/v2\/types\/post"}],"author":[{"embeddable":true,"href":"https:\/\/magistradoscorrientes.com\/magistrados\/wp-json\/wp\/v2\/users\/2"}],"replies":[{"embeddable":true,"href":"https:\/\/magistradoscorrientes.com\/magistrados\/wp-json\/wp\/v2\/comments?post=8431"}],"version-history":[{"count":1,"href":"https:\/\/magistradoscorrientes.com\/magistrados\/wp-json\/wp\/v2\/posts\/8431\/revisions"}],"predecessor-version":[{"id":8434,"href":"https:\/\/magistradoscorrientes.com\/magistrados\/wp-json\/wp\/v2\/posts\/8431\/revisions\/8434"}],"wp:featuredmedia":[{"embeddable":true,"href":"https:\/\/magistradoscorrientes.com\/magistrados\/wp-json\/wp\/v2\/media\/8433"}],"wp:attachment":[{"href":"https:\/\/magistradoscorrientes.com\/magistrados\/wp-json\/wp\/v2\/media?parent=8431"}],"wp:term":[{"taxonomy":"category","embeddable":true,"href":"https:\/\/magistradoscorrientes.com\/magistrados\/wp-json\/wp\/v2\/categories?post=8431"},{"taxonomy":"post_tag","embeddable":true,"href":"https:\/\/magistradoscorrientes.com\/magistrados\/wp-json\/wp\/v2\/tags?post=8431"}],"curies":[{"name":"wp","href":"https:\/\/api.w.org\/{rel}","templated":true}]}}