{"id":9533,"date":"2023-12-11T19:17:29","date_gmt":"2023-12-11T22:17:29","guid":{"rendered":"http:\/\/magistradoscorrientes.com\/magistrados\/?p=9533"},"modified":"2023-12-11T19:17:29","modified_gmt":"2023-12-11T22:17:29","slug":"finalizo-con-exito-la-diplomatura-universitaria-en-violencia-de-genero-y-derechos-humanos","status":"publish","type":"post","link":"https:\/\/magistradoscorrientes.com\/magistrados\/finalizo-con-exito-la-diplomatura-universitaria-en-violencia-de-genero-y-derechos-humanos\/","title":{"rendered":"Finaliz\u00f3 con \u00e9xito la Diplomatura Universitaria en Violencia de G\u00e9nero y Derechos Humanos"},"content":{"rendered":"\n<p>El lunes pasado se rindi\u00f3 el recuperatorio del examen final integrador y con ello se dio por finalizada la <strong><a href=\"https:\/\/magistradoscorrientes.com\/magistrados\/inicio-la-diplomatura-universitaria-en-violencia-de-genero-y-derechos-humanos-para-policias\/\">Diplomatura Universitaria en Violencia de G\u00e9nero y Derechos Humanos<\/a><\/strong>, con 87 alumnos aprobados, inici\u00e1ndose con ello el proceso de certificaci\u00f3n.<\/p>\n\n\n\n<p>Cabe recordar que se trata de una <strong><a href=\"https:\/\/magistradoscorrientes.com\/magistrados\/lanzan-para-policias-la-diplomatura-universitaria-en-violencia-de-genero-y-dd-hh\/\">actividad acad\u00e9mica efectuada bajo el sello de la Facultad de Derecho y Ciencias Sociales y Pol\u00edticas de la UNNE, con el auspicio del Ministerio de Seguridad de la Provincia y del Colegio de Magistrados y Funcionarios del Poder Judicial de Corrientes<\/a><\/strong>, a cuyos efectos se firm\u00f3 el correspondiente convenio el pasado mes de mayo.<\/p>\n\n\n\n<figure class=\"wp-block-image size-large\"><img loading=\"lazy\" width=\"1024\" height=\"473\" src=\"http:\/\/magistradoscorrientes.com\/magistrados\/wp-content\/uploads\/2023\/12\/WhatsApp-Image-2023-12-11-at-19.06.47-1024x473.jpeg\" alt=\"\" class=\"wp-image-9534\" srcset=\"https:\/\/magistradoscorrientes.com\/magistrados\/wp-content\/uploads\/2023\/12\/WhatsApp-Image-2023-12-11-at-19.06.47-1024x473.jpeg 1024w, https:\/\/magistradoscorrientes.com\/magistrados\/wp-content\/uploads\/2023\/12\/WhatsApp-Image-2023-12-11-at-19.06.47-300x138.jpeg 300w, https:\/\/magistradoscorrientes.com\/magistrados\/wp-content\/uploads\/2023\/12\/WhatsApp-Image-2023-12-11-at-19.06.47-768x354.jpeg 768w, https:\/\/magistradoscorrientes.com\/magistrados\/wp-content\/uploads\/2023\/12\/WhatsApp-Image-2023-12-11-at-19.06.47-1536x709.jpeg 1536w, https:\/\/magistradoscorrientes.com\/magistrados\/wp-content\/uploads\/2023\/12\/WhatsApp-Image-2023-12-11-at-19.06.47.jpeg 1599w\" sizes=\"(max-width: 1024px) 100vw, 1024px\" \/><\/figure>\n\n\n\n<p>Durante 7 meses con una periodicidad semanal y en forma presencial, los alumnos, en su mayor\u00eda cadetes de la Escuela de Polic\u00eda, fueron instruidos por docentes expertos en la tem\u00e1tica de la Diplomatura: operadores judiciales y del ministerio p\u00fablico, secretarios, jueces, fiscales, defensores, profesores universitarios, psic\u00f3logos, trabajadores sociales y agentes policiales en ejercicio. <\/p>\n\n\n\n<p>El resultado fue altamente satisfactorio, pues el promedio de calificaciones es de 9,2. La metodolog\u00eda de evaluaci\u00f3n fue te\u00f3rica con m\u00faltiple choice y pr\u00e1ctica con trabajos en aula virtual.<\/p>\n\n\n\n<p>Se prev\u00e9 la realizaci\u00f3n de un acto acad\u00e9mico de entrega de diplomas a los flamantes egresados en los primeros meses del a\u00f1o pr\u00f3ximo.<\/p>\n\n\n\n<figure class=\"wp-block-image size-large\"><img loading=\"lazy\" width=\"1024\" height=\"771\" src=\"http:\/\/magistradoscorrientes.com\/magistrados\/wp-content\/uploads\/2023\/12\/WhatsApp-Image-2023-12-11-at-19.05.17-1024x771.jpeg\" alt=\"\" class=\"wp-image-9536\" srcset=\"https:\/\/magistradoscorrientes.com\/magistrados\/wp-content\/uploads\/2023\/12\/WhatsApp-Image-2023-12-11-at-19.05.17-1024x771.jpeg 1024w, https:\/\/magistradoscorrientes.com\/magistrados\/wp-content\/uploads\/2023\/12\/WhatsApp-Image-2023-12-11-at-19.05.17-300x226.jpeg 300w, https:\/\/magistradoscorrientes.com\/magistrados\/wp-content\/uploads\/2023\/12\/WhatsApp-Image-2023-12-11-at-19.05.17-768x578.jpeg 768w, https:\/\/magistradoscorrientes.com\/magistrados\/wp-content\/uploads\/2023\/12\/WhatsApp-Image-2023-12-11-at-19.05.17-1536x1156.jpeg 1536w, https:\/\/magistradoscorrientes.com\/magistrados\/wp-content\/uploads\/2023\/12\/WhatsApp-Image-2023-12-11-at-19.05.17.jpeg 1600w\" sizes=\"(max-width: 1024px) 100vw, 1024px\" \/><\/figure>\n","protected":false},"excerpt":{"rendered":"<p>El lunes pasado se rindi\u00f3 el recuperatorio del examen final integrador y con ello se dio por finalizada la Diplomatura Universitaria en Violencia de G\u00e9nero y Derechos Humanos, con 87 alumnos aprobados, inici\u00e1ndose con ello el proceso de certificaci\u00f3n. Cabe recordar que se trata de una actividad acad\u00e9mica efectuada bajo el sello de la Facultad de Derecho y Ciencias Sociales [&hellip;]<\/p>\n","protected":false},"author":2,"featured_media":9535,"comment_status":"closed","ping_status":"open","sticky":false,"template":"","format":"standard","meta":{"ngg_post_thumbnail":0},"categories":[13],"tags":[],"_links":{"self":[{"href":"https:\/\/magistradoscorrientes.com\/magistrados\/wp-json\/wp\/v2\/posts\/9533"}],"collection":[{"href":"https:\/\/magistradoscorrientes.com\/magistrados\/wp-json\/wp\/v2\/posts"}],"about":[{"href":"https:\/\/magistradoscorrientes.com\/magistrados\/wp-json\/wp\/v2\/types\/post"}],"author":[{"embeddable":true,"href":"https:\/\/magistradoscorrientes.com\/magistrados\/wp-json\/wp\/v2\/users\/2"}],"replies":[{"embeddable":true,"href":"https:\/\/magistradoscorrientes.com\/magistrados\/wp-json\/wp\/v2\/comments?post=9533"}],"version-history":[{"count":1,"href":"https:\/\/magistradoscorrientes.com\/magistrados\/wp-json\/wp\/v2\/posts\/9533\/revisions"}],"predecessor-version":[{"id":9537,"href":"https:\/\/magistradoscorrientes.com\/magistrados\/wp-json\/wp\/v2\/posts\/9533\/revisions\/9537"}],"wp:featuredmedia":[{"embeddable":true,"href":"https:\/\/magistradoscorrientes.com\/magistrados\/wp-json\/wp\/v2\/media\/9535"}],"wp:attachment":[{"href":"https:\/\/magistradoscorrientes.com\/magistrados\/wp-json\/wp\/v2\/media?parent=9533"}],"wp:term":[{"taxonomy":"category","embeddable":true,"href":"https:\/\/magistradoscorrientes.com\/magistrados\/wp-json\/wp\/v2\/categories?post=9533"},{"taxonomy":"post_tag","embeddable":true,"href":"https:\/\/magistradoscorrientes.com\/magistrados\/wp-json\/wp\/v2\/tags?post=9533"}],"curies":[{"name":"wp","href":"https:\/\/api.w.org\/{rel}","templated":true}]}}