{"id":9651,"date":"2024-02-07T08:58:31","date_gmt":"2024-02-07T11:58:31","guid":{"rendered":"http:\/\/magistradoscorrientes.com\/magistrados\/?p=9651"},"modified":"2024-02-07T09:16:39","modified_gmt":"2024-02-07T12:16:39","slug":"retomamos-las-tradicionales-reuniones-informales-de-asociados","status":"publish","type":"post","link":"https:\/\/magistradoscorrientes.com\/magistrados\/retomamos-las-tradicionales-reuniones-informales-de-asociados\/","title":{"rendered":"Retomamos las tradicionales reuniones informales de Asociados"},"content":{"rendered":"\n<p>Todos los martes, a partir de las 18hs, nos volvemos a encontrar en nuestra Casa para las tradicionales \u2018\u2019reuniones informales\u2019\u2019 de Asociados.<\/p>\n\n\n\n<p>Los invitamos a sumarse, a participar de los encuentros como espacio propicio para potenciar la camarader\u00eda y el Asociacionismo.<\/p>\n\n\n\n<p>Compartimos postales del encuentro de ayer, donde participaron del encuentro Asociados de Capital (presencial) y del interior (v\u00eda Zoom), con el objetivo de planificar el a\u00f1o de trabajo del Colegio.<\/p>\n\n\n\n<figure class=\"wp-block-gallery columns-3 is-cropped\"><ul class=\"blocks-gallery-grid\"><li class=\"blocks-gallery-item\"><figure><img loading=\"lazy\" width=\"1024\" height=\"576\" src=\"http:\/\/magistradoscorrientes.com\/magistrados\/wp-content\/uploads\/2024\/02\/Primera-reunion-informal-06022024-6-1024x576.jpeg\" alt=\"\" data-id=\"9657\" data-full-url=\"http:\/\/magistradoscorrientes.com\/magistrados\/wp-content\/uploads\/2024\/02\/Primera-reunion-informal-06022024-6.jpeg\" data-link=\"http:\/\/magistradoscorrientes.com\/magistrados\/?attachment_id=9657\" class=\"wp-image-9657\" srcset=\"https:\/\/magistradoscorrientes.com\/magistrados\/wp-content\/uploads\/2024\/02\/Primera-reunion-informal-06022024-6-1024x576.jpeg 1024w, https:\/\/magistradoscorrientes.com\/magistrados\/wp-content\/uploads\/2024\/02\/Primera-reunion-informal-06022024-6-300x169.jpeg 300w, https:\/\/magistradoscorrientes.com\/magistrados\/wp-content\/uploads\/2024\/02\/Primera-reunion-informal-06022024-6-768x432.jpeg 768w, https:\/\/magistradoscorrientes.com\/magistrados\/wp-content\/uploads\/2024\/02\/Primera-reunion-informal-06022024-6-1536x864.jpeg 1536w, https:\/\/magistradoscorrientes.com\/magistrados\/wp-content\/uploads\/2024\/02\/Primera-reunion-informal-06022024-6.jpeg 1600w\" sizes=\"(max-width: 1024px) 100vw, 1024px\" \/><\/figure><\/li><li class=\"blocks-gallery-item\"><figure><img loading=\"lazy\" width=\"1024\" height=\"576\" src=\"http:\/\/magistradoscorrientes.com\/magistrados\/wp-content\/uploads\/2024\/02\/Primera-reunion-informal-06022024-4-1024x576.jpeg\" alt=\"\" data-id=\"9655\" data-full-url=\"http:\/\/magistradoscorrientes.com\/magistrados\/wp-content\/uploads\/2024\/02\/Primera-reunion-informal-06022024-4.jpeg\" data-link=\"http:\/\/magistradoscorrientes.com\/magistrados\/?attachment_id=9655\" class=\"wp-image-9655\" srcset=\"https:\/\/magistradoscorrientes.com\/magistrados\/wp-content\/uploads\/2024\/02\/Primera-reunion-informal-06022024-4-1024x576.jpeg 1024w, https:\/\/magistradoscorrientes.com\/magistrados\/wp-content\/uploads\/2024\/02\/Primera-reunion-informal-06022024-4-300x169.jpeg 300w, https:\/\/magistradoscorrientes.com\/magistrados\/wp-content\/uploads\/2024\/02\/Primera-reunion-informal-06022024-4-768x432.jpeg 768w, https:\/\/magistradoscorrientes.com\/magistrados\/wp-content\/uploads\/2024\/02\/Primera-reunion-informal-06022024-4-1536x864.jpeg 1536w, https:\/\/magistradoscorrientes.com\/magistrados\/wp-content\/uploads\/2024\/02\/Primera-reunion-informal-06022024-4.jpeg 1600w\" sizes=\"(max-width: 1024px) 100vw, 1024px\" \/><\/figure><\/li><li class=\"blocks-gallery-item\"><figure><img loading=\"lazy\" width=\"1024\" height=\"576\" src=\"http:\/\/magistradoscorrientes.com\/magistrados\/wp-content\/uploads\/2024\/02\/Primera-reunion-informal-06022024-3-1024x576.jpeg\" alt=\"\" data-id=\"9654\" data-full-url=\"http:\/\/magistradoscorrientes.com\/magistrados\/wp-content\/uploads\/2024\/02\/Primera-reunion-informal-06022024-3.jpeg\" data-link=\"http:\/\/magistradoscorrientes.com\/magistrados\/?attachment_id=9654\" class=\"wp-image-9654\" srcset=\"https:\/\/magistradoscorrientes.com\/magistrados\/wp-content\/uploads\/2024\/02\/Primera-reunion-informal-06022024-3-1024x576.jpeg 1024w, https:\/\/magistradoscorrientes.com\/magistrados\/wp-content\/uploads\/2024\/02\/Primera-reunion-informal-06022024-3-300x169.jpeg 300w, https:\/\/magistradoscorrientes.com\/magistrados\/wp-content\/uploads\/2024\/02\/Primera-reunion-informal-06022024-3-768x432.jpeg 768w, https:\/\/magistradoscorrientes.com\/magistrados\/wp-content\/uploads\/2024\/02\/Primera-reunion-informal-06022024-3-1536x864.jpeg 1536w, https:\/\/magistradoscorrientes.com\/magistrados\/wp-content\/uploads\/2024\/02\/Primera-reunion-informal-06022024-3.jpeg 1600w\" sizes=\"(max-width: 1024px) 100vw, 1024px\" \/><\/figure><\/li><li class=\"blocks-gallery-item\"><figure><img loading=\"lazy\" width=\"1024\" height=\"576\" src=\"http:\/\/magistradoscorrientes.com\/magistrados\/wp-content\/uploads\/2024\/02\/Primera-reunion-informal-06022024-1-1024x576.jpeg\" alt=\"\" data-id=\"9652\" data-full-url=\"http:\/\/magistradoscorrientes.com\/magistrados\/wp-content\/uploads\/2024\/02\/Primera-reunion-informal-06022024-1.jpeg\" data-link=\"http:\/\/magistradoscorrientes.com\/magistrados\/?attachment_id=9652\" class=\"wp-image-9652\" srcset=\"https:\/\/magistradoscorrientes.com\/magistrados\/wp-content\/uploads\/2024\/02\/Primera-reunion-informal-06022024-1-1024x576.jpeg 1024w, https:\/\/magistradoscorrientes.com\/magistrados\/wp-content\/uploads\/2024\/02\/Primera-reunion-informal-06022024-1-300x169.jpeg 300w, https:\/\/magistradoscorrientes.com\/magistrados\/wp-content\/uploads\/2024\/02\/Primera-reunion-informal-06022024-1-768x432.jpeg 768w, https:\/\/magistradoscorrientes.com\/magistrados\/wp-content\/uploads\/2024\/02\/Primera-reunion-informal-06022024-1-1536x864.jpeg 1536w, https:\/\/magistradoscorrientes.com\/magistrados\/wp-content\/uploads\/2024\/02\/Primera-reunion-informal-06022024-1.jpeg 1600w\" sizes=\"(max-width: 1024px) 100vw, 1024px\" \/><\/figure><\/li><\/ul><\/figure>\n\n\n\n<p>Se aprovech\u00f3 la oportunidad para brindar detalles de lo que fue la <strong><a href=\"https:\/\/magistradoscorrientes.com\/magistrados\/presentacion-protocolar-de-la-nueva-cd-al-stj\/\">presentaci\u00f3n protocolar<\/a><\/strong>, el lunes 5\/02, de la nueva Comisi\u00f3n Directiva ante el Presidente del STJ, Dr Luis Eduardo Rey V\u00e1zquez.<\/p>\n\n\n\n<p>Tambi\u00e9n, se recibi\u00f3 a representantes de la Universidad de la Cuenca del Plata, quienes manifestaron el inter\u00e9s de concretar convenios con nuestro Colegio.<\/p>\n\n\n\n<p><strong>INVITAMOS <\/strong>a cada uno de Ustedes, a sumarse y participar de los encuentros. A proponer y acercar ideas de actividades a realizar. De plantear inquietudes y necesidades de cada una de las Circunscripciones Judiciales.<\/p>\n\n\n\n<figure class=\"wp-block-embed-wordpress wp-block-embed is-type-wp-embed is-provider-colegio-de-magistrados-y-funcionarios-del-poder-judicial-de-corrientes\"><div class=\"wp-block-embed__wrapper\">\n<blockquote class=\"wp-embedded-content\" data-secret=\"eP9qrOqKZF\"><a href=\"https:\/\/magistradoscorrientes.com\/magistrados\/nuevo-beneficio-para-socios-de-fam\/\">Nuevo beneficio para socios de FAM<\/a><\/blockquote><iframe class=\"wp-embedded-content\" sandbox=\"allow-scripts\" security=\"restricted\" style=\"position: absolute; clip: rect(1px, 1px, 1px, 1px);\" title=\"\u00abNuevo beneficio para socios de FAM\u00bb \u2014 Colegio de Magistrados y Funcionarios del Poder Judicial de Corrientes\" src=\"https:\/\/magistradoscorrientes.com\/magistrados\/nuevo-beneficio-para-socios-de-fam\/embed\/#?secret=eP9qrOqKZF\" data-secret=\"eP9qrOqKZF\" width=\"600\" height=\"338\" frameborder=\"0\" marginwidth=\"0\" marginheight=\"0\" scrolling=\"no\"><\/iframe>\n<\/div><\/figure>\n\n\n\n<figure class=\"wp-block-embed-wordpress wp-block-embed is-type-wp-embed is-provider-colegio-de-magistrados-y-funcionarios-del-poder-judicial-de-corrientes\"><div class=\"wp-block-embed__wrapper\">\n<blockquote class=\"wp-embedded-content\" data-secret=\"JuqV0k7E95\"><a href=\"https:\/\/magistradoscorrientes.com\/magistrados\/3-nuevos-beneficios-para-asociados\/\">3 nuevos beneficios para Asociados<\/a><\/blockquote><iframe class=\"wp-embedded-content\" sandbox=\"allow-scripts\" security=\"restricted\" style=\"position: absolute; clip: rect(1px, 1px, 1px, 1px);\" title=\"\u00ab3 nuevos beneficios para Asociados\u00bb \u2014 Colegio de Magistrados y Funcionarios del Poder Judicial de Corrientes\" src=\"https:\/\/magistradoscorrientes.com\/magistrados\/3-nuevos-beneficios-para-asociados\/embed\/#?secret=JuqV0k7E95\" data-secret=\"JuqV0k7E95\" width=\"600\" height=\"338\" frameborder=\"0\" marginwidth=\"0\" marginheight=\"0\" scrolling=\"no\"><\/iframe>\n<\/div><\/figure>\n","protected":false},"excerpt":{"rendered":"<p>Todos los martes, a partir de las 18hs, nos volvemos a encontrar en nuestra Casa para las tradicionales \u2018\u2019reuniones informales\u2019\u2019 de Asociados. Los invitamos a sumarse, a participar de los encuentros como espacio propicio para potenciar la camarader\u00eda y el Asociacionismo. Compartimos postales del encuentro de ayer, donde participaron del encuentro Asociados de Capital (presencial) y del interior (v\u00eda Zoom), [&hellip;]<\/p>\n","protected":false},"author":2,"featured_media":9657,"comment_status":"closed","ping_status":"open","sticky":false,"template":"","format":"standard","meta":{"ngg_post_thumbnail":0},"categories":[13],"tags":[],"_links":{"self":[{"href":"https:\/\/magistradoscorrientes.com\/magistrados\/wp-json\/wp\/v2\/posts\/9651"}],"collection":[{"href":"https:\/\/magistradoscorrientes.com\/magistrados\/wp-json\/wp\/v2\/posts"}],"about":[{"href":"https:\/\/magistradoscorrientes.com\/magistrados\/wp-json\/wp\/v2\/types\/post"}],"author":[{"embeddable":true,"href":"https:\/\/magistradoscorrientes.com\/magistrados\/wp-json\/wp\/v2\/users\/2"}],"replies":[{"embeddable":true,"href":"https:\/\/magistradoscorrientes.com\/magistrados\/wp-json\/wp\/v2\/comments?post=9651"}],"version-history":[{"count":3,"href":"https:\/\/magistradoscorrientes.com\/magistrados\/wp-json\/wp\/v2\/posts\/9651\/revisions"}],"predecessor-version":[{"id":9666,"href":"https:\/\/magistradoscorrientes.com\/magistrados\/wp-json\/wp\/v2\/posts\/9651\/revisions\/9666"}],"wp:featuredmedia":[{"embeddable":true,"href":"https:\/\/magistradoscorrientes.com\/magistrados\/wp-json\/wp\/v2\/media\/9657"}],"wp:attachment":[{"href":"https:\/\/magistradoscorrientes.com\/magistrados\/wp-json\/wp\/v2\/media?parent=9651"}],"wp:term":[{"taxonomy":"category","embeddable":true,"href":"https:\/\/magistradoscorrientes.com\/magistrados\/wp-json\/wp\/v2\/categories?post=9651"},{"taxonomy":"post_tag","embeddable":true,"href":"https:\/\/magistradoscorrientes.com\/magistrados\/wp-json\/wp\/v2\/tags?post=9651"}],"curies":[{"name":"wp","href":"https:\/\/api.w.org\/{rel}","templated":true}]}}