{"id":9659,"date":"2024-02-07T09:09:05","date_gmt":"2024-02-07T12:09:05","guid":{"rendered":"http:\/\/magistradoscorrientes.com\/magistrados\/?p=9659"},"modified":"2024-02-07T09:17:37","modified_gmt":"2024-02-07T12:17:37","slug":"presentacion-protocolar-de-la-nueva-cd-al-stj","status":"publish","type":"post","link":"https:\/\/magistradoscorrientes.com\/magistrados\/presentacion-protocolar-de-la-nueva-cd-al-stj\/","title":{"rendered":"Presentaci\u00f3n protocolar de nuevas autoridades al STJ"},"content":{"rendered":"\n<p>Integrantes de la Comisi\u00f3n Directiva de nuestro Colegio, encabezado por nuestro Presidente, Dr Diego N\u00fa\u00f1ez H\u00fcel fueron recibidos por el Sr Presidente del Superior Tribunal de Justicia, Dr Luis Eduardo Rey V\u00e1squez con el objetivo principal de realizar una presentaci\u00f3n protocolar de la nuevas autoridades del Colegio.<\/p>\n\n\n\n<p>En el encuentro, adem\u00e1s, se plantearon los principales objetivos de gesti\u00f3n y se ahondaron en temas generales, que interesan al Colegio, y que son de com\u00fan inter\u00e9s con el Alto Cuerpo como ser: carrera judicial, gesti\u00f3n judicial, bienestar laboral y por supuesto, la urgente y necesaria recomposici\u00f3n salarial.<\/p>\n\n\n\n<figure class=\"wp-block-gallery columns-3 is-cropped\"><ul class=\"blocks-gallery-grid\"><li class=\"blocks-gallery-item\"><figure><img loading=\"lazy\" width=\"1024\" height=\"576\" src=\"http:\/\/magistradoscorrientes.com\/magistrados\/wp-content\/uploads\/2024\/02\/Visita-STJ-05022024-6-1024x576.jpeg\" alt=\"\" data-id=\"9662\" data-full-url=\"http:\/\/magistradoscorrientes.com\/magistrados\/wp-content\/uploads\/2024\/02\/Visita-STJ-05022024-6.jpeg\" data-link=\"http:\/\/magistradoscorrientes.com\/magistrados\/?attachment_id=9662\" class=\"wp-image-9662\" srcset=\"https:\/\/magistradoscorrientes.com\/magistrados\/wp-content\/uploads\/2024\/02\/Visita-STJ-05022024-6-1024x576.jpeg 1024w, https:\/\/magistradoscorrientes.com\/magistrados\/wp-content\/uploads\/2024\/02\/Visita-STJ-05022024-6-300x169.jpeg 300w, https:\/\/magistradoscorrientes.com\/magistrados\/wp-content\/uploads\/2024\/02\/Visita-STJ-05022024-6-768x432.jpeg 768w, https:\/\/magistradoscorrientes.com\/magistrados\/wp-content\/uploads\/2024\/02\/Visita-STJ-05022024-6.jpeg 1280w\" sizes=\"(max-width: 1024px) 100vw, 1024px\" \/><\/figure><\/li><li class=\"blocks-gallery-item\"><figure><img loading=\"lazy\" width=\"1024\" height=\"576\" src=\"http:\/\/magistradoscorrientes.com\/magistrados\/wp-content\/uploads\/2024\/02\/Visita-STJ-05022024-3-1024x576.jpeg\" alt=\"\" data-id=\"9661\" data-full-url=\"http:\/\/magistradoscorrientes.com\/magistrados\/wp-content\/uploads\/2024\/02\/Visita-STJ-05022024-3.jpeg\" data-link=\"http:\/\/magistradoscorrientes.com\/magistrados\/?attachment_id=9661\" class=\"wp-image-9661\" srcset=\"https:\/\/magistradoscorrientes.com\/magistrados\/wp-content\/uploads\/2024\/02\/Visita-STJ-05022024-3-1024x576.jpeg 1024w, https:\/\/magistradoscorrientes.com\/magistrados\/wp-content\/uploads\/2024\/02\/Visita-STJ-05022024-3-300x169.jpeg 300w, https:\/\/magistradoscorrientes.com\/magistrados\/wp-content\/uploads\/2024\/02\/Visita-STJ-05022024-3-768x432.jpeg 768w, https:\/\/magistradoscorrientes.com\/magistrados\/wp-content\/uploads\/2024\/02\/Visita-STJ-05022024-3.jpeg 1280w\" sizes=\"(max-width: 1024px) 100vw, 1024px\" \/><\/figure><\/li><li class=\"blocks-gallery-item\"><figure><img loading=\"lazy\" width=\"1024\" height=\"576\" src=\"http:\/\/magistradoscorrientes.com\/magistrados\/wp-content\/uploads\/2024\/02\/Visita-STJ-05022024-2-1024x576.jpeg\" alt=\"\" data-id=\"9660\" data-full-url=\"http:\/\/magistradoscorrientes.com\/magistrados\/wp-content\/uploads\/2024\/02\/Visita-STJ-05022024-2.jpeg\" data-link=\"http:\/\/magistradoscorrientes.com\/magistrados\/?attachment_id=9660\" class=\"wp-image-9660\" srcset=\"https:\/\/magistradoscorrientes.com\/magistrados\/wp-content\/uploads\/2024\/02\/Visita-STJ-05022024-2-1024x576.jpeg 1024w, https:\/\/magistradoscorrientes.com\/magistrados\/wp-content\/uploads\/2024\/02\/Visita-STJ-05022024-2-300x169.jpeg 300w, https:\/\/magistradoscorrientes.com\/magistrados\/wp-content\/uploads\/2024\/02\/Visita-STJ-05022024-2-768x432.jpeg 768w, https:\/\/magistradoscorrientes.com\/magistrados\/wp-content\/uploads\/2024\/02\/Visita-STJ-05022024-2.jpeg 1280w\" sizes=\"(max-width: 1024px) 100vw, 1024px\" \/><\/figure><\/li><\/ul><\/figure>\n\n\n\n<p>En relaci\u00f3n al 20% de incremento otorgado por Acdo Exto 1\/24 en el d\u00eda de la fecha, destacamos el esfuerzo que lleva a cabo el STJ, en materia de administraci\u00f3n de los recursos del Poder Judicial, para recomponer los salarios de los integrantes del Poder Judicial. De igual manera transmitimos el compromiso del Colegio de seguir trabajando fuertemente en este punto.<\/p>\n\n\n\n<p>Para finalizar el encuentro, el Colegio se puso a disposici\u00f3n para lo que el STJ necesite o considere oportuno apoyar y le solicitamos apertura para seguir aportando ideas y sugerencias en lo que tenga que ver con acciones tendientes al mejoramiento del servicio de Justicia.<\/p>\n\n\n\n<figure class=\"wp-block-embed-wordpress wp-block-embed is-type-wp-embed is-provider-colegio-de-magistrados-y-funcionarios-del-poder-judicial-de-corrientes\"><div class=\"wp-block-embed__wrapper\">\n<blockquote class=\"wp-embedded-content\" data-secret=\"P6OparuVeK\"><a href=\"https:\/\/magistradoscorrientes.com\/magistrados\/retomamos-las-tradicionales-reuniones-informales-de-asociados\/\">Retomamos las tradicionales reuniones informales de Asociados<\/a><\/blockquote><iframe class=\"wp-embedded-content\" sandbox=\"allow-scripts\" security=\"restricted\" style=\"position: absolute; clip: rect(1px, 1px, 1px, 1px);\" title=\"\u00abRetomamos las tradicionales reuniones informales de Asociados\u00bb \u2014 Colegio de Magistrados y Funcionarios del Poder Judicial de Corrientes\" src=\"https:\/\/magistradoscorrientes.com\/magistrados\/retomamos-las-tradicionales-reuniones-informales-de-asociados\/embed\/#?secret=P6OparuVeK\" data-secret=\"P6OparuVeK\" width=\"600\" height=\"338\" frameborder=\"0\" marginwidth=\"0\" marginheight=\"0\" scrolling=\"no\"><\/iframe>\n<\/div><\/figure>\n\n\n\n<figure class=\"wp-block-embed-wordpress wp-block-embed is-type-wp-embed is-provider-colegio-de-magistrados-y-funcionarios-del-poder-judicial-de-corrientes\"><div class=\"wp-block-embed__wrapper\">\n<blockquote class=\"wp-embedded-content\" data-secret=\"2bdTNXRJ9h\"><a href=\"https:\/\/magistradoscorrientes.com\/magistrados\/nuevo-beneficio-para-socios-de-fam\/\">Nuevo beneficio para socios de FAM<\/a><\/blockquote><iframe class=\"wp-embedded-content\" sandbox=\"allow-scripts\" security=\"restricted\" style=\"position: absolute; clip: rect(1px, 1px, 1px, 1px);\" title=\"\u00abNuevo beneficio para socios de FAM\u00bb \u2014 Colegio de Magistrados y Funcionarios del Poder Judicial de Corrientes\" src=\"https:\/\/magistradoscorrientes.com\/magistrados\/nuevo-beneficio-para-socios-de-fam\/embed\/#?secret=2bdTNXRJ9h\" data-secret=\"2bdTNXRJ9h\" width=\"600\" height=\"338\" frameborder=\"0\" marginwidth=\"0\" marginheight=\"0\" scrolling=\"no\"><\/iframe>\n<\/div><\/figure>\n\n\n\n<p><\/p>\n","protected":false},"excerpt":{"rendered":"<p>Integrantes de la Comisi\u00f3n Directiva de nuestro Colegio, encabezado por nuestro Presidente, Dr Diego N\u00fa\u00f1ez H\u00fcel fueron recibidos por el Sr Presidente del Superior Tribunal de Justicia, Dr Luis Eduardo Rey V\u00e1squez con el objetivo principal de realizar una presentaci\u00f3n protocolar de la nuevas autoridades del Colegio. En el encuentro, adem\u00e1s, se plantearon los principales objetivos de gesti\u00f3n y se [&hellip;]<\/p>\n","protected":false},"author":2,"featured_media":9662,"comment_status":"closed","ping_status":"open","sticky":false,"template":"","format":"standard","meta":{"ngg_post_thumbnail":0},"categories":[13],"tags":[],"_links":{"self":[{"href":"https:\/\/magistradoscorrientes.com\/magistrados\/wp-json\/wp\/v2\/posts\/9659"}],"collection":[{"href":"https:\/\/magistradoscorrientes.com\/magistrados\/wp-json\/wp\/v2\/posts"}],"about":[{"href":"https:\/\/magistradoscorrientes.com\/magistrados\/wp-json\/wp\/v2\/types\/post"}],"author":[{"embeddable":true,"href":"https:\/\/magistradoscorrientes.com\/magistrados\/wp-json\/wp\/v2\/users\/2"}],"replies":[{"embeddable":true,"href":"https:\/\/magistradoscorrientes.com\/magistrados\/wp-json\/wp\/v2\/comments?post=9659"}],"version-history":[{"count":3,"href":"https:\/\/magistradoscorrientes.com\/magistrados\/wp-json\/wp\/v2\/posts\/9659\/revisions"}],"predecessor-version":[{"id":9667,"href":"https:\/\/magistradoscorrientes.com\/magistrados\/wp-json\/wp\/v2\/posts\/9659\/revisions\/9667"}],"wp:featuredmedia":[{"embeddable":true,"href":"https:\/\/magistradoscorrientes.com\/magistrados\/wp-json\/wp\/v2\/media\/9662"}],"wp:attachment":[{"href":"https:\/\/magistradoscorrientes.com\/magistrados\/wp-json\/wp\/v2\/media?parent=9659"}],"wp:term":[{"taxonomy":"category","embeddable":true,"href":"https:\/\/magistradoscorrientes.com\/magistrados\/wp-json\/wp\/v2\/categories?post=9659"},{"taxonomy":"post_tag","embeddable":true,"href":"https:\/\/magistradoscorrientes.com\/magistrados\/wp-json\/wp\/v2\/tags?post=9659"}],"curies":[{"name":"wp","href":"https:\/\/api.w.org\/{rel}","templated":true}]}}