{"id":9676,"date":"2024-02-20T17:00:30","date_gmt":"2024-02-20T20:00:30","guid":{"rendered":"http:\/\/magistradoscorrientes.com\/magistrados\/?p=9676"},"modified":"2024-02-20T17:00:55","modified_gmt":"2024-02-20T20:00:55","slug":"primera-reunion-virtual-de-la-comision-nacional-de-secretarios-de-fam","status":"publish","type":"post","link":"https:\/\/magistradoscorrientes.com\/magistrados\/primera-reunion-virtual-de-la-comision-nacional-de-secretarios-de-fam\/","title":{"rendered":"Primera reuni\u00f3n virtual 2024 de la Comisi\u00f3n Nacional de Secretarios de FAM"},"content":{"rendered":"\n<p>El 15 de febrero pasado se realiz\u00f3 la primera reuni\u00f3n virtual de la Comisi\u00f3n Nacional del Secretariado Judicial y del Ministerio P\u00fablico de la Federaci\u00f3n Argentina de la Magistratura y la Funci\u00f3n Judicial (FAM) con la presentaci\u00f3n de las nuevas autoridades designadas en la asamblea eleccionaria realizada el 29 de diciembre de 2023 en la que resultaron electas como Directora Titular, Julia Barcel\u00f3, representante por la provincia de Tierra de Fuego y como Directora Suplente, Gabriela Vigna, representante por la provincia de C\u00f3rdoba.<\/p>\n\n\n\n<p><strong>En representaci\u00f3n de nuestro Colegio, participaron las Dra \u201cLilita\u201d Pasetto y Dra Natalia Rey Moreno.<\/strong><\/p>\n\n\n\n<p>El encuentro cont\u00f3 con la presencia de los\/as integrantes de los 17 colegios provinciales que componen la FAM asistiendo representantes de la provincia de Buenos Aires, CABA, Catamarca, C\u00f3rdoba, Corrientes, Chubut, Jujuy, Mendoza, Neuqu\u00e9n, R\u00edo Negro, San Juan, Salta, San Luis, Santa Cruz, Santa Fe, Tierra del Fuego y Tucum\u00e1n.<\/p>\n\n\n\n<p>\u270d\ud83c\udffc Puntos destacados de la reuni\u00f3n:<\/p>\n\n\n\n<p>\u2022Cuestiones relativas a la organizaci\u00f3n de la pr\u00f3xima reuni\u00f3n presencial que se realizar\u00e1 durante los d\u00edas 21 y 22 de marzo en la provincia de Neuqu\u00e9n.<\/p>\n\n\n\n<p>\u2022Avances en la organizaci\u00f3n del Congreso Nacional del Secretariado Judicial y del Ministerio P\u00fablico que tendr\u00e1 lugar los d\u00edas 6 y 7 de junio en la provincia de Jujuy.<\/p>\n\n\n\n<p> La reuni\u00f3n se desarroll\u00f3 en un clima muy agradable exterioriz\u00e1ndose la responsabilidad de los\/as integrantes de la Comisi\u00f3n para llevar adelante las distintas actividades en curso.<\/p>\n\n\n\n<p>\u2022FAM: compromiso y trabajo en pos del asociacionismo y la colegiatura \u2022 Construyendo una justicia en cercan\u00eda con la sociedad\u2022<\/p>\n","protected":false},"excerpt":{"rendered":"<p>El 15 de febrero pasado se realiz\u00f3 la primera reuni\u00f3n virtual de la Comisi\u00f3n Nacional del Secretariado Judicial y del Ministerio P\u00fablico de la Federaci\u00f3n Argentina de la Magistratura y la Funci\u00f3n Judicial (FAM) con la presentaci\u00f3n de las nuevas autoridades designadas en la asamblea eleccionaria realizada el 29 de diciembre de 2023 en la que resultaron electas como Directora [&hellip;]<\/p>\n","protected":false},"author":2,"featured_media":9677,"comment_status":"closed","ping_status":"open","sticky":false,"template":"","format":"standard","meta":{"ngg_post_thumbnail":0},"categories":[13],"tags":[],"_links":{"self":[{"href":"https:\/\/magistradoscorrientes.com\/magistrados\/wp-json\/wp\/v2\/posts\/9676"}],"collection":[{"href":"https:\/\/magistradoscorrientes.com\/magistrados\/wp-json\/wp\/v2\/posts"}],"about":[{"href":"https:\/\/magistradoscorrientes.com\/magistrados\/wp-json\/wp\/v2\/types\/post"}],"author":[{"embeddable":true,"href":"https:\/\/magistradoscorrientes.com\/magistrados\/wp-json\/wp\/v2\/users\/2"}],"replies":[{"embeddable":true,"href":"https:\/\/magistradoscorrientes.com\/magistrados\/wp-json\/wp\/v2\/comments?post=9676"}],"version-history":[{"count":2,"href":"https:\/\/magistradoscorrientes.com\/magistrados\/wp-json\/wp\/v2\/posts\/9676\/revisions"}],"predecessor-version":[{"id":9679,"href":"https:\/\/magistradoscorrientes.com\/magistrados\/wp-json\/wp\/v2\/posts\/9676\/revisions\/9679"}],"wp:featuredmedia":[{"embeddable":true,"href":"https:\/\/magistradoscorrientes.com\/magistrados\/wp-json\/wp\/v2\/media\/9677"}],"wp:attachment":[{"href":"https:\/\/magistradoscorrientes.com\/magistrados\/wp-json\/wp\/v2\/media?parent=9676"}],"wp:term":[{"taxonomy":"category","embeddable":true,"href":"https:\/\/magistradoscorrientes.com\/magistrados\/wp-json\/wp\/v2\/categories?post=9676"},{"taxonomy":"post_tag","embeddable":true,"href":"https:\/\/magistradoscorrientes.com\/magistrados\/wp-json\/wp\/v2\/tags?post=9676"}],"curies":[{"name":"wp","href":"https:\/\/api.w.org\/{rel}","templated":true}]}}