{"id":9685,"date":"2024-02-21T17:30:57","date_gmt":"2024-02-21T20:30:57","guid":{"rendered":"http:\/\/magistradoscorrientes.com\/magistrados\/?p=9685"},"modified":"2024-02-21T17:30:57","modified_gmt":"2024-02-21T20:30:57","slug":"25-de-descuento-3-cuotas-sin-interes-en-las-vii-jornadas-chaquenas-de-derecho-de-las-familias-ninez-y-adolescencia","status":"publish","type":"post","link":"https:\/\/magistradoscorrientes.com\/magistrados\/25-de-descuento-3-cuotas-sin-interes-en-las-vii-jornadas-chaquenas-de-derecho-de-las-familias-ninez-y-adolescencia\/","title":{"rendered":"25% de descuento + 3 cuotas sin inter\u00e9s en las VII Jornadas Chaque\u00f1as de Derecho de las Familias, Ni\u00f1ez y Adolescencia"},"content":{"rendered":"\n<p>25% de descuento + 3 cuotas sin inter\u00e9s para socios\/as y colaboradores\/as de @famargentina<\/p>\n\n\n\n<p>\u2022VII JORNADAS CHAQUE\u00d1AS de DERECHO de las FAMILIAS, NI\u00d1EZ y ADOLESCENCIAS\u2022<\/p>\n\n\n\n<p>Viernes 15 y s\u00e1bado 16 de marzo de 2024<br>\ud83d\udc64Modalidad h\u00edbrida<\/p>\n\n\n\n<p>Este encuentro, surge como una respuesta necesaria a los desaf\u00edos actuales que enfrenta el campo del derecho de las familias. Concebido como un espacio de reflexi\u00f3n, intercambio y actualizaci\u00f3n, aspiramos a consolidar una visi\u00f3n integral que trascienda los l\u00edmites disciplinarios y fomente un abordaje comprensivo y profundo de los temas que nos conciernen.<\/p>\n\n\n\n<figure class=\"wp-block-image size-large\"><img loading=\"lazy\" width=\"1024\" height=\"1024\" src=\"http:\/\/magistradoscorrientes.com\/magistrados\/wp-content\/uploads\/2024\/02\/WhatsApp-Image-2024-02-21-at-15.44.16-1024x1024.jpeg\" alt=\"\" class=\"wp-image-9686\" srcset=\"https:\/\/magistradoscorrientes.com\/magistrados\/wp-content\/uploads\/2024\/02\/WhatsApp-Image-2024-02-21-at-15.44.16-1024x1024.jpeg 1024w, https:\/\/magistradoscorrientes.com\/magistrados\/wp-content\/uploads\/2024\/02\/WhatsApp-Image-2024-02-21-at-15.44.16-300x300.jpeg 300w, https:\/\/magistradoscorrientes.com\/magistrados\/wp-content\/uploads\/2024\/02\/WhatsApp-Image-2024-02-21-at-15.44.16-150x150.jpeg 150w, https:\/\/magistradoscorrientes.com\/magistrados\/wp-content\/uploads\/2024\/02\/WhatsApp-Image-2024-02-21-at-15.44.16-768x768.jpeg 768w, https:\/\/magistradoscorrientes.com\/magistrados\/wp-content\/uploads\/2024\/02\/WhatsApp-Image-2024-02-21-at-15.44.16.jpeg 1080w\" sizes=\"(max-width: 1024px) 100vw, 1024px\" \/><\/figure>\n\n\n\n<p>M\u00e1s info. e inscripciones: https:\/\/fundacionformartecursos.com.ar\/product\/vii-jornadas-chaquenas-de-derecho-de-las-familias-ninez-y-adolescencias<\/p>\n\n\n\n<p>En el perfil in bio de @fundacion.formarte pueden acceder de forma directa.<\/p>\n\n\n\n<figure class=\"wp-block-embed-wordpress wp-block-embed is-type-wp-embed is-provider-colegio-de-magistrados-y-funcionarios-del-poder-judicial-de-corrientes\"><div class=\"wp-block-embed__wrapper\">\n<blockquote class=\"wp-embedded-content\" data-secret=\"JMBCM7t8Bw\"><a href=\"https:\/\/magistradoscorrientes.com\/magistrados\/nuevo-beneficio-para-asociados-con-sinclair-arte-y-decoracion\/\">Nuevo beneficio para Asociados con Sinclair-Arte y Decoraci\u00f3n<\/a><\/blockquote><iframe class=\"wp-embedded-content\" sandbox=\"allow-scripts\" security=\"restricted\" style=\"position: absolute; clip: rect(1px, 1px, 1px, 1px);\" title=\"\u00abNuevo beneficio para Asociados con Sinclair-Arte y Decoraci\u00f3n\u00bb \u2014 Colegio de Magistrados y Funcionarios del Poder Judicial de Corrientes\" src=\"https:\/\/magistradoscorrientes.com\/magistrados\/nuevo-beneficio-para-asociados-con-sinclair-arte-y-decoracion\/embed\/#?secret=JMBCM7t8Bw\" data-secret=\"JMBCM7t8Bw\" width=\"600\" height=\"338\" frameborder=\"0\" marginwidth=\"0\" marginheight=\"0\" scrolling=\"no\"><\/iframe>\n<\/div><\/figure>\n","protected":false},"excerpt":{"rendered":"<p>25% de descuento + 3 cuotas sin inter\u00e9s para socios\/as y colaboradores\/as de @famargentina \u2022VII JORNADAS CHAQUE\u00d1AS de DERECHO de las FAMILIAS, NI\u00d1EZ y ADOLESCENCIAS\u2022 Viernes 15 y s\u00e1bado 16 de marzo de 2024\ud83d\udc64Modalidad h\u00edbrida Este encuentro, surge como una respuesta necesaria a los desaf\u00edos actuales que enfrenta el campo del derecho de las familias. Concebido como un espacio de [&hellip;]<\/p>\n","protected":false},"author":2,"featured_media":9687,"comment_status":"closed","ping_status":"open","sticky":false,"template":"","format":"standard","meta":{"ngg_post_thumbnail":0},"categories":[13],"tags":[],"_links":{"self":[{"href":"https:\/\/magistradoscorrientes.com\/magistrados\/wp-json\/wp\/v2\/posts\/9685"}],"collection":[{"href":"https:\/\/magistradoscorrientes.com\/magistrados\/wp-json\/wp\/v2\/posts"}],"about":[{"href":"https:\/\/magistradoscorrientes.com\/magistrados\/wp-json\/wp\/v2\/types\/post"}],"author":[{"embeddable":true,"href":"https:\/\/magistradoscorrientes.com\/magistrados\/wp-json\/wp\/v2\/users\/2"}],"replies":[{"embeddable":true,"href":"https:\/\/magistradoscorrientes.com\/magistrados\/wp-json\/wp\/v2\/comments?post=9685"}],"version-history":[{"count":1,"href":"https:\/\/magistradoscorrientes.com\/magistrados\/wp-json\/wp\/v2\/posts\/9685\/revisions"}],"predecessor-version":[{"id":9688,"href":"https:\/\/magistradoscorrientes.com\/magistrados\/wp-json\/wp\/v2\/posts\/9685\/revisions\/9688"}],"wp:featuredmedia":[{"embeddable":true,"href":"https:\/\/magistradoscorrientes.com\/magistrados\/wp-json\/wp\/v2\/media\/9687"}],"wp:attachment":[{"href":"https:\/\/magistradoscorrientes.com\/magistrados\/wp-json\/wp\/v2\/media?parent=9685"}],"wp:term":[{"taxonomy":"category","embeddable":true,"href":"https:\/\/magistradoscorrientes.com\/magistrados\/wp-json\/wp\/v2\/categories?post=9685"},{"taxonomy":"post_tag","embeddable":true,"href":"https:\/\/magistradoscorrientes.com\/magistrados\/wp-json\/wp\/v2\/tags?post=9685"}],"curies":[{"name":"wp","href":"https:\/\/api.w.org\/{rel}","templated":true}]}}