{"id":9693,"date":"2024-02-23T08:44:50","date_gmt":"2024-02-23T11:44:50","guid":{"rendered":"http:\/\/magistradoscorrientes.com\/magistrados\/?p=9693"},"modified":"2024-02-23T08:44:50","modified_gmt":"2024-02-23T11:44:50","slug":"8-medias-becas-en-la-maestria-en-administracion-de-justicia-y-litigacion-oral-de-la-uca","status":"publish","type":"post","link":"https:\/\/magistradoscorrientes.com\/magistrados\/8-medias-becas-en-la-maestria-en-administracion-de-justicia-y-litigacion-oral-de-la-uca\/","title":{"rendered":"8 medias becas en la Maestr\u00eda en Administraci\u00f3n de Justicia y Litigaci\u00f3n Oral de la UCA"},"content":{"rendered":"\n<p>Desde el Instituto de Estudios Judiciales de la Federaci\u00f3n Argentina de la Magistratura y la Funci\u00f3n Judicial (FAM) traemos este sorteo de 8 medias becas institucionales para cursar la<br>Maestr\u00eda en Administraci\u00f3n de Justicia y Litigaci\u00f3n Oral de la UCA\u2022<\/p>\n\n\n\n<p>Inicia: 24 de marzo 2024 y finaliza en diciembre<br>Modalidad h\u00edbrida\u2022<\/p>\n\n\n\n<p>Los\/as interesados\/as deber\u00e1n inscribirse a trav\u00e9s del siguiente formulario: https:\/\/forms.gle\/CPZR7hNtUCAP93J9A<\/p>\n\n\n\n<p>Importante:<br>Hay tiempo de anotarse hasta el 28 de febrero del corriente a\u00f1o.<br>\u27a1\ufe0f La participaci\u00f3n es exclusiva para socios\/as de la FAM.<\/p>\n\n\n\n<p>Info. completa sobre la maestr\u00eda: https:\/\/uca.edu.ar\/es\/facultades\/facultad-de-derecho\/maestria\/maestria-en-administracion-de-justicia-y-litigacion-oral<\/p>\n\n\n\n<figure class=\"wp-block-embed-wordpress wp-block-embed is-type-wp-embed is-provider-colegio-de-magistrados-y-funcionarios-del-poder-judicial-de-corrientes\"><div class=\"wp-block-embed__wrapper\">\n<blockquote class=\"wp-embedded-content\" data-secret=\"wMoO4tP7VB\"><a href=\"https:\/\/magistradoscorrientes.com\/magistrados\/25-de-descuento-3-cuotas-sin-interes-en-las-vii-jornadas-chaquenas-de-derecho-de-las-familias-ninez-y-adolescencia\/\">25% de descuento + 3 cuotas sin inter\u00e9s en las VII Jornadas Chaque\u00f1as de Derecho de las Familias, Ni\u00f1ez y Adolescencia<\/a><\/blockquote><iframe class=\"wp-embedded-content\" sandbox=\"allow-scripts\" security=\"restricted\" style=\"position: absolute; clip: rect(1px, 1px, 1px, 1px);\" title=\"\u00ab25% de descuento + 3 cuotas sin inter\u00e9s en las VII Jornadas Chaque\u00f1as de Derecho de las Familias, Ni\u00f1ez y Adolescencia\u00bb \u2014 Colegio de Magistrados y Funcionarios del Poder Judicial de Corrientes\" src=\"https:\/\/magistradoscorrientes.com\/magistrados\/25-de-descuento-3-cuotas-sin-interes-en-las-vii-jornadas-chaquenas-de-derecho-de-las-familias-ninez-y-adolescencia\/embed\/#?secret=wMoO4tP7VB\" data-secret=\"wMoO4tP7VB\" width=\"600\" height=\"338\" frameborder=\"0\" marginwidth=\"0\" marginheight=\"0\" scrolling=\"no\"><\/iframe>\n<\/div><\/figure>\n\n\n\n<figure class=\"wp-block-embed-wordpress wp-block-embed is-type-wp-embed is-provider-colegio-de-magistrados-y-funcionarios-del-poder-judicial-de-corrientes\"><div class=\"wp-block-embed__wrapper\">\n<blockquote class=\"wp-embedded-content\" data-secret=\"f1O4As9eH1\"><a href=\"https:\/\/magistradoscorrientes.com\/magistrados\/30-de-descuento-para-socios-a-fam-en-la-diplomatura-internacional-en-ciberdelincuencia-y-tecnologias-aplicadas-a-la-investigacion\/\">30% de descuento para socios a FAM en la Diplomatura Internacional en Ciberdelincuencia y Tecnolog\u00edas Aplicadas a la Investigaci\u00f3n<\/a><\/blockquote><iframe class=\"wp-embedded-content\" sandbox=\"allow-scripts\" security=\"restricted\" style=\"position: absolute; clip: rect(1px, 1px, 1px, 1px);\" title=\"\u00ab30% de descuento para socios a FAM en la Diplomatura Internacional en Ciberdelincuencia y Tecnolog\u00edas Aplicadas a la Investigaci\u00f3n\u00bb \u2014 Colegio de Magistrados y Funcionarios del Poder Judicial de Corrientes\" src=\"https:\/\/magistradoscorrientes.com\/magistrados\/30-de-descuento-para-socios-a-fam-en-la-diplomatura-internacional-en-ciberdelincuencia-y-tecnologias-aplicadas-a-la-investigacion\/embed\/#?secret=f1O4As9eH1\" data-secret=\"f1O4As9eH1\" width=\"600\" height=\"338\" frameborder=\"0\" marginwidth=\"0\" marginheight=\"0\" scrolling=\"no\"><\/iframe>\n<\/div><\/figure>\n\n\n\n<h1><\/h1>\n","protected":false},"excerpt":{"rendered":"<p>Desde el Instituto de Estudios Judiciales de la Federaci\u00f3n Argentina de la Magistratura y la Funci\u00f3n Judicial (FAM) traemos este sorteo de 8 medias becas institucionales para cursar laMaestr\u00eda en Administraci\u00f3n de Justicia y Litigaci\u00f3n Oral de la UCA\u2022 Inicia: 24 de marzo 2024 y finaliza en diciembreModalidad h\u00edbrida\u2022 Los\/as interesados\/as deber\u00e1n inscribirse a trav\u00e9s del siguiente formulario: https:\/\/forms.gle\/CPZR7hNtUCAP93J9A Importante:Hay [&hellip;]<\/p>\n","protected":false},"author":2,"featured_media":9694,"comment_status":"closed","ping_status":"open","sticky":false,"template":"","format":"standard","meta":{"ngg_post_thumbnail":0},"categories":[13],"tags":[],"_links":{"self":[{"href":"https:\/\/magistradoscorrientes.com\/magistrados\/wp-json\/wp\/v2\/posts\/9693"}],"collection":[{"href":"https:\/\/magistradoscorrientes.com\/magistrados\/wp-json\/wp\/v2\/posts"}],"about":[{"href":"https:\/\/magistradoscorrientes.com\/magistrados\/wp-json\/wp\/v2\/types\/post"}],"author":[{"embeddable":true,"href":"https:\/\/magistradoscorrientes.com\/magistrados\/wp-json\/wp\/v2\/users\/2"}],"replies":[{"embeddable":true,"href":"https:\/\/magistradoscorrientes.com\/magistrados\/wp-json\/wp\/v2\/comments?post=9693"}],"version-history":[{"count":1,"href":"https:\/\/magistradoscorrientes.com\/magistrados\/wp-json\/wp\/v2\/posts\/9693\/revisions"}],"predecessor-version":[{"id":9695,"href":"https:\/\/magistradoscorrientes.com\/magistrados\/wp-json\/wp\/v2\/posts\/9693\/revisions\/9695"}],"wp:featuredmedia":[{"embeddable":true,"href":"https:\/\/magistradoscorrientes.com\/magistrados\/wp-json\/wp\/v2\/media\/9694"}],"wp:attachment":[{"href":"https:\/\/magistradoscorrientes.com\/magistrados\/wp-json\/wp\/v2\/media?parent=9693"}],"wp:term":[{"taxonomy":"category","embeddable":true,"href":"https:\/\/magistradoscorrientes.com\/magistrados\/wp-json\/wp\/v2\/categories?post=9693"},{"taxonomy":"post_tag","embeddable":true,"href":"https:\/\/magistradoscorrientes.com\/magistrados\/wp-json\/wp\/v2\/tags?post=9693"}],"curies":[{"name":"wp","href":"https:\/\/api.w.org\/{rel}","templated":true}]}}