{"id":9705,"date":"2024-02-28T16:25:33","date_gmt":"2024-02-28T19:25:33","guid":{"rendered":"http:\/\/magistradoscorrientes.com\/magistrados\/?p=9705"},"modified":"2024-02-28T16:25:33","modified_gmt":"2024-02-28T19:25:33","slug":"visita-protocolar-al-sr-fiscal-general-dr-cesar-sotelo","status":"publish","type":"post","link":"https:\/\/magistradoscorrientes.com\/magistrados\/visita-protocolar-al-sr-fiscal-general-dr-cesar-sotelo\/","title":{"rendered":"Visita protocolar al Sr Fiscal General Dr C\u00e9sar Sotelo"},"content":{"rendered":"\n<p>En el d\u00eda de la fecha, integrantes de la Comisi\u00f3n Directiva del Colegio, encabezados por el <strong>Presidente, Dr Diego N\u00fa\u00f1ez H\u00fcel, fueron recibidos por el Sr Fiscal General de la Provincia, Dr C\u00e9sar Sotelo con el objetivo principal de realizar una presentaci\u00f3n protocolar de la nuevas autoridades del Colegio.<\/strong> Acompa\u00f1\u00f3 el encuentro la Secretaria Letrada de la Fiscal\u00eda General, Dra Rita Pernizza.<\/p>\n\n\n\n<p>En el encuentro, adem\u00e1s, se dialog\u00f3 sobre diferentes cuestiones que hacen a la funci\u00f3n judicial. Nuestro Presidente, agradeci\u00f3 el recibimiento y la apertura de un canal de di\u00e1logo para la escucha de las inquietudes de los Asociados con el fin de contribuir al mejor servicio de justicia.<\/p>\n\n\n\n<figure class=\"wp-block-gallery columns-3 is-cropped\"><ul class=\"blocks-gallery-grid\"><li class=\"blocks-gallery-item\"><figure><img loading=\"lazy\" width=\"1024\" height=\"682\" src=\"http:\/\/magistradoscorrientes.com\/magistrados\/wp-content\/uploads\/2024\/02\/Visita-al-Sr-Fiscal-Gral-Dr-Cesar-Sotelo-28022024-5-1024x682.jpeg\" alt=\"\" data-id=\"9710\" data-full-url=\"http:\/\/magistradoscorrientes.com\/magistrados\/wp-content\/uploads\/2024\/02\/Visita-al-Sr-Fiscal-Gral-Dr-Cesar-Sotelo-28022024-5.jpeg\" data-link=\"http:\/\/magistradoscorrientes.com\/magistrados\/?attachment_id=9710\" class=\"wp-image-9710\" srcset=\"https:\/\/magistradoscorrientes.com\/magistrados\/wp-content\/uploads\/2024\/02\/Visita-al-Sr-Fiscal-Gral-Dr-Cesar-Sotelo-28022024-5-1024x682.jpeg 1024w, https:\/\/magistradoscorrientes.com\/magistrados\/wp-content\/uploads\/2024\/02\/Visita-al-Sr-Fiscal-Gral-Dr-Cesar-Sotelo-28022024-5-300x200.jpeg 300w, https:\/\/magistradoscorrientes.com\/magistrados\/wp-content\/uploads\/2024\/02\/Visita-al-Sr-Fiscal-Gral-Dr-Cesar-Sotelo-28022024-5-768x512.jpeg 768w, https:\/\/magistradoscorrientes.com\/magistrados\/wp-content\/uploads\/2024\/02\/Visita-al-Sr-Fiscal-Gral-Dr-Cesar-Sotelo-28022024-5-391x260.jpeg 391w, https:\/\/magistradoscorrientes.com\/magistrados\/wp-content\/uploads\/2024\/02\/Visita-al-Sr-Fiscal-Gral-Dr-Cesar-Sotelo-28022024-5-1536x1023.jpeg 1536w, https:\/\/magistradoscorrientes.com\/magistrados\/wp-content\/uploads\/2024\/02\/Visita-al-Sr-Fiscal-Gral-Dr-Cesar-Sotelo-28022024-5-600x400.jpeg 600w, https:\/\/magistradoscorrientes.com\/magistrados\/wp-content\/uploads\/2024\/02\/Visita-al-Sr-Fiscal-Gral-Dr-Cesar-Sotelo-28022024-5.jpeg 1600w\" sizes=\"(max-width: 1024px) 100vw, 1024px\" \/><\/figure><\/li><li class=\"blocks-gallery-item\"><figure><img loading=\"lazy\" width=\"1024\" height=\"682\" src=\"http:\/\/magistradoscorrientes.com\/magistrados\/wp-content\/uploads\/2024\/02\/Visita-al-Sr-Fiscal-Gral-Dr-Cesar-Sotelo-28022024-4-1024x682.jpeg\" alt=\"\" data-id=\"9709\" data-full-url=\"http:\/\/magistradoscorrientes.com\/magistrados\/wp-content\/uploads\/2024\/02\/Visita-al-Sr-Fiscal-Gral-Dr-Cesar-Sotelo-28022024-4.jpeg\" data-link=\"http:\/\/magistradoscorrientes.com\/magistrados\/?attachment_id=9709\" class=\"wp-image-9709\" srcset=\"https:\/\/magistradoscorrientes.com\/magistrados\/wp-content\/uploads\/2024\/02\/Visita-al-Sr-Fiscal-Gral-Dr-Cesar-Sotelo-28022024-4-1024x682.jpeg 1024w, https:\/\/magistradoscorrientes.com\/magistrados\/wp-content\/uploads\/2024\/02\/Visita-al-Sr-Fiscal-Gral-Dr-Cesar-Sotelo-28022024-4-300x200.jpeg 300w, https:\/\/magistradoscorrientes.com\/magistrados\/wp-content\/uploads\/2024\/02\/Visita-al-Sr-Fiscal-Gral-Dr-Cesar-Sotelo-28022024-4-768x512.jpeg 768w, https:\/\/magistradoscorrientes.com\/magistrados\/wp-content\/uploads\/2024\/02\/Visita-al-Sr-Fiscal-Gral-Dr-Cesar-Sotelo-28022024-4-391x260.jpeg 391w, https:\/\/magistradoscorrientes.com\/magistrados\/wp-content\/uploads\/2024\/02\/Visita-al-Sr-Fiscal-Gral-Dr-Cesar-Sotelo-28022024-4-1536x1023.jpeg 1536w, https:\/\/magistradoscorrientes.com\/magistrados\/wp-content\/uploads\/2024\/02\/Visita-al-Sr-Fiscal-Gral-Dr-Cesar-Sotelo-28022024-4-600x400.jpeg 600w, https:\/\/magistradoscorrientes.com\/magistrados\/wp-content\/uploads\/2024\/02\/Visita-al-Sr-Fiscal-Gral-Dr-Cesar-Sotelo-28022024-4.jpeg 1600w\" sizes=\"(max-width: 1024px) 100vw, 1024px\" \/><\/figure><\/li><li class=\"blocks-gallery-item\"><figure><img loading=\"lazy\" width=\"1024\" height=\"682\" src=\"http:\/\/magistradoscorrientes.com\/magistrados\/wp-content\/uploads\/2024\/02\/Visita-al-Sr-Fiscal-Gral-Dr-Cesar-Sotelo-28022024-3-1024x682.jpeg\" alt=\"\" data-id=\"9708\" data-full-url=\"http:\/\/magistradoscorrientes.com\/magistrados\/wp-content\/uploads\/2024\/02\/Visita-al-Sr-Fiscal-Gral-Dr-Cesar-Sotelo-28022024-3.jpeg\" data-link=\"http:\/\/magistradoscorrientes.com\/magistrados\/?attachment_id=9708\" class=\"wp-image-9708\" srcset=\"https:\/\/magistradoscorrientes.com\/magistrados\/wp-content\/uploads\/2024\/02\/Visita-al-Sr-Fiscal-Gral-Dr-Cesar-Sotelo-28022024-3-1024x682.jpeg 1024w, https:\/\/magistradoscorrientes.com\/magistrados\/wp-content\/uploads\/2024\/02\/Visita-al-Sr-Fiscal-Gral-Dr-Cesar-Sotelo-28022024-3-300x200.jpeg 300w, https:\/\/magistradoscorrientes.com\/magistrados\/wp-content\/uploads\/2024\/02\/Visita-al-Sr-Fiscal-Gral-Dr-Cesar-Sotelo-28022024-3-768x512.jpeg 768w, https:\/\/magistradoscorrientes.com\/magistrados\/wp-content\/uploads\/2024\/02\/Visita-al-Sr-Fiscal-Gral-Dr-Cesar-Sotelo-28022024-3-391x260.jpeg 391w, https:\/\/magistradoscorrientes.com\/magistrados\/wp-content\/uploads\/2024\/02\/Visita-al-Sr-Fiscal-Gral-Dr-Cesar-Sotelo-28022024-3-1536x1023.jpeg 1536w, https:\/\/magistradoscorrientes.com\/magistrados\/wp-content\/uploads\/2024\/02\/Visita-al-Sr-Fiscal-Gral-Dr-Cesar-Sotelo-28022024-3-600x400.jpeg 600w, https:\/\/magistradoscorrientes.com\/magistrados\/wp-content\/uploads\/2024\/02\/Visita-al-Sr-Fiscal-Gral-Dr-Cesar-Sotelo-28022024-3.jpeg 1600w\" sizes=\"(max-width: 1024px) 100vw, 1024px\" \/><\/figure><\/li><li class=\"blocks-gallery-item\"><figure><img loading=\"lazy\" width=\"1024\" height=\"682\" src=\"http:\/\/magistradoscorrientes.com\/magistrados\/wp-content\/uploads\/2024\/02\/Visita-al-Sr-Fiscal-Gral-Dr-Cesar-Sotelo-28022024-2-1024x682.jpeg\" alt=\"\" data-id=\"9707\" data-full-url=\"http:\/\/magistradoscorrientes.com\/magistrados\/wp-content\/uploads\/2024\/02\/Visita-al-Sr-Fiscal-Gral-Dr-Cesar-Sotelo-28022024-2.jpeg\" data-link=\"http:\/\/magistradoscorrientes.com\/magistrados\/?attachment_id=9707\" class=\"wp-image-9707\" srcset=\"https:\/\/magistradoscorrientes.com\/magistrados\/wp-content\/uploads\/2024\/02\/Visita-al-Sr-Fiscal-Gral-Dr-Cesar-Sotelo-28022024-2-1024x682.jpeg 1024w, https:\/\/magistradoscorrientes.com\/magistrados\/wp-content\/uploads\/2024\/02\/Visita-al-Sr-Fiscal-Gral-Dr-Cesar-Sotelo-28022024-2-300x200.jpeg 300w, https:\/\/magistradoscorrientes.com\/magistrados\/wp-content\/uploads\/2024\/02\/Visita-al-Sr-Fiscal-Gral-Dr-Cesar-Sotelo-28022024-2-768x512.jpeg 768w, https:\/\/magistradoscorrientes.com\/magistrados\/wp-content\/uploads\/2024\/02\/Visita-al-Sr-Fiscal-Gral-Dr-Cesar-Sotelo-28022024-2-391x260.jpeg 391w, https:\/\/magistradoscorrientes.com\/magistrados\/wp-content\/uploads\/2024\/02\/Visita-al-Sr-Fiscal-Gral-Dr-Cesar-Sotelo-28022024-2-1536x1023.jpeg 1536w, https:\/\/magistradoscorrientes.com\/magistrados\/wp-content\/uploads\/2024\/02\/Visita-al-Sr-Fiscal-Gral-Dr-Cesar-Sotelo-28022024-2-600x400.jpeg 600w, https:\/\/magistradoscorrientes.com\/magistrados\/wp-content\/uploads\/2024\/02\/Visita-al-Sr-Fiscal-Gral-Dr-Cesar-Sotelo-28022024-2.jpeg 1600w\" sizes=\"(max-width: 1024px) 100vw, 1024px\" \/><\/figure><\/li><\/ul><\/figure>\n\n\n\n<p>El <strong>Dr N\u00fa\u00f1ez H\u00fcel <\/strong>asegur\u00f3 que \u201cel norte de esta gesti\u00f3n es apoyar la pol\u00edtica judicial que pudiera emanar de la Fiscal\u00eda General para mejorar el servicio\u201d, por lo que agradeci\u00f3 el recibimiento del Dr Sotelo para con las inquietudes del Colegio, dado que \u201ctenemos ideas que podemos aportar y promover en la gesti\u00f3n judicial cotidiana. Por eso queremos ser escuchados, porque las transformaciones nunca vinieron de afuera\u201d, se\u00f1al\u00f3.<\/p>\n\n\n\n<p>Para concluir el encuentro, se abord\u00f3 aspectos referidos al funcionamiento de los sistemas inform\u00e1ticos para la gesti\u00f3n judicial, los recursos humanos y t\u00e9cnicos con que cuentan los magistrados y funcionarios para ejercer su labor y la cuesti\u00f3n salarial, entre otros.<\/p>\n\n\n\n<p>Acompa\u00f1aron al Presidente, Dr Diego N\u00fa\u00f1ez H\u00fcel las Dras Claudia Kirchhof, Gloria Pasetto, Luz Masferrer, Viviana Mabel Valle y Patricia Armend\u00eda. Tambi\u00e9n los Dres H\u00e9ctor Orrant\u00eda, Roberto Bonastre, Juan Manuel Rodr\u00edguez y Julio Valent\u00edn Medina.<\/p>\n","protected":false},"excerpt":{"rendered":"<p>En el d\u00eda de la fecha, integrantes de la Comisi\u00f3n Directiva del Colegio, encabezados por el Presidente, Dr Diego N\u00fa\u00f1ez H\u00fcel, fueron recibidos por el Sr Fiscal General de la Provincia, Dr C\u00e9sar Sotelo con el objetivo principal de realizar una presentaci\u00f3n protocolar de la nuevas autoridades del Colegio. Acompa\u00f1\u00f3 el encuentro la Secretaria Letrada de la Fiscal\u00eda General, Dra [&hellip;]<\/p>\n","protected":false},"author":2,"featured_media":9710,"comment_status":"closed","ping_status":"open","sticky":false,"template":"","format":"standard","meta":{"ngg_post_thumbnail":0},"categories":[13],"tags":[],"_links":{"self":[{"href":"https:\/\/magistradoscorrientes.com\/magistrados\/wp-json\/wp\/v2\/posts\/9705"}],"collection":[{"href":"https:\/\/magistradoscorrientes.com\/magistrados\/wp-json\/wp\/v2\/posts"}],"about":[{"href":"https:\/\/magistradoscorrientes.com\/magistrados\/wp-json\/wp\/v2\/types\/post"}],"author":[{"embeddable":true,"href":"https:\/\/magistradoscorrientes.com\/magistrados\/wp-json\/wp\/v2\/users\/2"}],"replies":[{"embeddable":true,"href":"https:\/\/magistradoscorrientes.com\/magistrados\/wp-json\/wp\/v2\/comments?post=9705"}],"version-history":[{"count":1,"href":"https:\/\/magistradoscorrientes.com\/magistrados\/wp-json\/wp\/v2\/posts\/9705\/revisions"}],"predecessor-version":[{"id":9712,"href":"https:\/\/magistradoscorrientes.com\/magistrados\/wp-json\/wp\/v2\/posts\/9705\/revisions\/9712"}],"wp:featuredmedia":[{"embeddable":true,"href":"https:\/\/magistradoscorrientes.com\/magistrados\/wp-json\/wp\/v2\/media\/9710"}],"wp:attachment":[{"href":"https:\/\/magistradoscorrientes.com\/magistrados\/wp-json\/wp\/v2\/media?parent=9705"}],"wp:term":[{"taxonomy":"category","embeddable":true,"href":"https:\/\/magistradoscorrientes.com\/magistrados\/wp-json\/wp\/v2\/categories?post=9705"},{"taxonomy":"post_tag","embeddable":true,"href":"https:\/\/magistradoscorrientes.com\/magistrados\/wp-json\/wp\/v2\/tags?post=9705"}],"curies":[{"name":"wp","href":"https:\/\/api.w.org\/{rel}","templated":true}]}}