{"id":9713,"date":"2024-02-28T16:34:47","date_gmt":"2024-02-28T19:34:47","guid":{"rendered":"http:\/\/magistradoscorrientes.com\/magistrados\/?p=9713"},"modified":"2024-02-28T16:34:47","modified_gmt":"2024-02-28T19:34:47","slug":"conformacion-de-comisiones-de-trabajo-del-colegio-2","status":"publish","type":"post","link":"https:\/\/magistradoscorrientes.com\/magistrados\/conformacion-de-comisiones-de-trabajo-del-colegio-2\/","title":{"rendered":"Conformaci\u00f3n de Comisiones de trabajo del Colegio"},"content":{"rendered":"\n<p>En la primera reuni\u00f3n de Comisi\u00f3n Directiva de nuestro Colegio, encabezada por nuestro Presidente, Dr Diego N\u00fa\u00f1ez H\u00fcel llevada a cabo en el mi\u00e9rcoles 27, se <strong>conformaron 2 comisiones de trabajo<\/strong> y se <strong>establecieron sus respectivos coordinadores<\/strong>.<\/p>\n\n\n\n<p>\u2611\ufe0f <strong>COMISION DE SECRETARIOS<\/strong>: Coordinador, Dr Alfredo Hanke<\/p>\n\n\n\n<p>\u2611\ufe0f <strong>COMISION DE CAPACITACIONES<\/strong>: Coordinador, Dr Jos\u00e9 Ledesma<\/p>\n\n\n\n<p>Invitamos a todos los Asociados a sumarse a los grupos de trabajo, como as\u00ed tambi\u00e9n, a formar parte en la creaci\u00f3n de nuevas comisiones seg\u00fan inter\u00e9s y conveniencia.<\/p>\n\n\n\n<figure class=\"wp-block-gallery columns-0 is-cropped\"><ul class=\"blocks-gallery-grid\"><\/ul><\/figure>\n","protected":false},"excerpt":{"rendered":"<p>En la primera reuni\u00f3n de Comisi\u00f3n Directiva de nuestro Colegio, encabezada por nuestro Presidente, Dr Diego N\u00fa\u00f1ez H\u00fcel llevada a cabo en el mi\u00e9rcoles 27, se conformaron 2 comisiones de trabajo y se establecieron sus respectivos coordinadores. \u2611\ufe0f COMISION DE SECRETARIOS: Coordinador, Dr Alfredo Hanke \u2611\ufe0f COMISION DE CAPACITACIONES: Coordinador, Dr Jos\u00e9 Ledesma Invitamos a todos los Asociados a sumarse [&hellip;]<\/p>\n","protected":false},"author":2,"featured_media":9715,"comment_status":"closed","ping_status":"open","sticky":false,"template":"","format":"standard","meta":{"ngg_post_thumbnail":0},"categories":[13],"tags":[],"_links":{"self":[{"href":"https:\/\/magistradoscorrientes.com\/magistrados\/wp-json\/wp\/v2\/posts\/9713"}],"collection":[{"href":"https:\/\/magistradoscorrientes.com\/magistrados\/wp-json\/wp\/v2\/posts"}],"about":[{"href":"https:\/\/magistradoscorrientes.com\/magistrados\/wp-json\/wp\/v2\/types\/post"}],"author":[{"embeddable":true,"href":"https:\/\/magistradoscorrientes.com\/magistrados\/wp-json\/wp\/v2\/users\/2"}],"replies":[{"embeddable":true,"href":"https:\/\/magistradoscorrientes.com\/magistrados\/wp-json\/wp\/v2\/comments?post=9713"}],"version-history":[{"count":1,"href":"https:\/\/magistradoscorrientes.com\/magistrados\/wp-json\/wp\/v2\/posts\/9713\/revisions"}],"predecessor-version":[{"id":9717,"href":"https:\/\/magistradoscorrientes.com\/magistrados\/wp-json\/wp\/v2\/posts\/9713\/revisions\/9717"}],"wp:featuredmedia":[{"embeddable":true,"href":"https:\/\/magistradoscorrientes.com\/magistrados\/wp-json\/wp\/v2\/media\/9715"}],"wp:attachment":[{"href":"https:\/\/magistradoscorrientes.com\/magistrados\/wp-json\/wp\/v2\/media?parent=9713"}],"wp:term":[{"taxonomy":"category","embeddable":true,"href":"https:\/\/magistradoscorrientes.com\/magistrados\/wp-json\/wp\/v2\/categories?post=9713"},{"taxonomy":"post_tag","embeddable":true,"href":"https:\/\/magistradoscorrientes.com\/magistrados\/wp-json\/wp\/v2\/tags?post=9713"}],"curies":[{"name":"wp","href":"https:\/\/api.w.org\/{rel}","templated":true}]}}