{"id":9739,"date":"2024-03-04T13:30:50","date_gmt":"2024-03-04T16:30:50","guid":{"rendered":"http:\/\/magistradoscorrientes.com\/magistrados\/?p=9739"},"modified":"2024-03-04T13:30:50","modified_gmt":"2024-03-04T16:30:50","slug":"resumen-de-cd-febrero-2024","status":"publish","type":"post","link":"https:\/\/magistradoscorrientes.com\/magistrados\/resumen-de-cd-febrero-2024\/","title":{"rendered":"Resumen de CD febrero 2024"},"content":{"rendered":"\n<p>El<strong> martes 27 de febrero se llev\u00f3 a cabo la primera reuni\u00f3n de Comisi\u00f3n Directiva del Colegio de Magistrados y Funcionarios del Poder Judicial correspondiente al a\u00f1o 2024, <\/strong>fue sede institucional y de modo virtual para una mejor participaci\u00f3n de Asociados del interior.<\/p>\n\n\n\n<figure class=\"wp-block-gallery columns-2 is-cropped\"><ul class=\"blocks-gallery-grid\"><li class=\"blocks-gallery-item\"><figure><img loading=\"lazy\" width=\"1024\" height=\"576\" src=\"http:\/\/magistradoscorrientes.com\/magistrados\/wp-content\/uploads\/2024\/02\/IMG_6930-1024x576.jpeg\" alt=\"\" data-id=\"9716\" data-full-url=\"http:\/\/magistradoscorrientes.com\/magistrados\/wp-content\/uploads\/2024\/02\/IMG_6930.jpeg\" data-link=\"http:\/\/magistradoscorrientes.com\/magistrados\/conformacion-de-comisiones-de-trabajo-del-colegio-2\/img_6930\/\" class=\"wp-image-9716\" srcset=\"https:\/\/magistradoscorrientes.com\/magistrados\/wp-content\/uploads\/2024\/02\/IMG_6930-1024x576.jpeg 1024w, https:\/\/magistradoscorrientes.com\/magistrados\/wp-content\/uploads\/2024\/02\/IMG_6930-300x169.jpeg 300w, https:\/\/magistradoscorrientes.com\/magistrados\/wp-content\/uploads\/2024\/02\/IMG_6930-768x432.jpeg 768w, https:\/\/magistradoscorrientes.com\/magistrados\/wp-content\/uploads\/2024\/02\/IMG_6930-1536x864.jpeg 1536w, https:\/\/magistradoscorrientes.com\/magistrados\/wp-content\/uploads\/2024\/02\/IMG_6930-2048x1152.jpeg 2048w\" sizes=\"(max-width: 1024px) 100vw, 1024px\" \/><\/figure><\/li><li class=\"blocks-gallery-item\"><figure><img loading=\"lazy\" width=\"1024\" height=\"576\" src=\"http:\/\/magistradoscorrientes.com\/magistrados\/wp-content\/uploads\/2024\/02\/IMG_6925-1024x576.jpeg\" alt=\"\" data-id=\"9715\" data-full-url=\"http:\/\/magistradoscorrientes.com\/magistrados\/wp-content\/uploads\/2024\/02\/IMG_6925.jpeg\" data-link=\"http:\/\/magistradoscorrientes.com\/magistrados\/conformacion-de-comisiones-de-trabajo-del-colegio-2\/img_6925\/\" class=\"wp-image-9715\" srcset=\"https:\/\/magistradoscorrientes.com\/magistrados\/wp-content\/uploads\/2024\/02\/IMG_6925-1024x576.jpeg 1024w, https:\/\/magistradoscorrientes.com\/magistrados\/wp-content\/uploads\/2024\/02\/IMG_6925-300x169.jpeg 300w, https:\/\/magistradoscorrientes.com\/magistrados\/wp-content\/uploads\/2024\/02\/IMG_6925-768x432.jpeg 768w, https:\/\/magistradoscorrientes.com\/magistrados\/wp-content\/uploads\/2024\/02\/IMG_6925-1536x864.jpeg 1536w, https:\/\/magistradoscorrientes.com\/magistrados\/wp-content\/uploads\/2024\/02\/IMG_6925-2048x1152.jpeg 2048w\" sizes=\"(max-width: 1024px) 100vw, 1024px\" \/><\/figure><\/li><\/ul><\/figure>\n\n\n\n<p>Dando tratamiento a las cuestiones del orden del d\u00eda e i<strong>niciando el Informe de Presidencia, el Dr Diego N\u00fa\u00f1ez H\u00fcel<\/strong> brind\u00f3 detalles sobre las notas remitidas al Dr Luis Eduardo Rey V\u00e1zquez (01-02-2024 y 26-02-2024) en donde se solicita audiencia para tratar varios temas y recuperaci\u00f3n salarial.<\/p>\n\n\n\n<p>Tambi\u00e9n hizo alusi\u00f3n al pedido de audiencia al Sr Fiscal General de la Provincia, Dr C\u00e9sar Sotelo, encuentro que se concret\u00f3 el mi\u00e9rcoles 28 de febrero. <\/p>\n\n\n\n<figure class=\"wp-block-embed-wordpress wp-block-embed is-type-wp-embed is-provider-colegio-de-magistrados-y-funcionarios-del-poder-judicial-de-corrientes\"><div class=\"wp-block-embed__wrapper\">\n<blockquote class=\"wp-embedded-content\" data-secret=\"ZvjnK4KL5X\"><a href=\"https:\/\/magistradoscorrientes.com\/magistrados\/visita-protocolar-al-sr-fiscal-general-dr-cesar-sotelo\/\">Visita protocolar al Sr Fiscal General Dr C\u00e9sar Sotelo<\/a><\/blockquote><iframe class=\"wp-embedded-content\" sandbox=\"allow-scripts\" security=\"restricted\" style=\"position: absolute; clip: rect(1px, 1px, 1px, 1px);\" title=\"\u00abVisita protocolar al Sr Fiscal General Dr C\u00e9sar Sotelo\u00bb \u2014 Colegio de Magistrados y Funcionarios del Poder Judicial de Corrientes\" src=\"https:\/\/magistradoscorrientes.com\/magistrados\/visita-protocolar-al-sr-fiscal-general-dr-cesar-sotelo\/embed\/#?secret=ZvjnK4KL5X\" data-secret=\"ZvjnK4KL5X\" width=\"600\" height=\"338\" frameborder=\"0\" marginwidth=\"0\" marginheight=\"0\" scrolling=\"no\"><\/iframe>\n<\/div><\/figure>\n\n\n\n<p>Adem\u00e1s, detall\u00f3 las notas recibidas e inform\u00f3 las reuniones y gestiones realizadas referidas al pedido de presupuesto de EME. As\u00ed tambi\u00e9n el servicio de emergencia para Asociados de Paso de los Libres y la tasaci\u00f3n del terreno de ruta 12.<\/p>\n\n\n\n<p>Referido al punto de Resoluciones, se emiti\u00f3 el 26-02-2024 el auspicio para las VII Jornadas Chaque\u00f1as de Derecho de las Familias, Ni\u00f1ez y Adolescencia.<\/p>\n\n\n\n<p>Tambi\u00e9n, el Presidente brind\u00f3 detalles de los 4 convenios firmados con beneficio para los Asociados. Empresa Agencia NEA S.R.L (10% de descuento en compra de entradas para los carnavales de Corrientes), GLP S.R.L (5% de descuento en garrafas de 10 y 45 kg), Pastas ALE S.R.L (importantes bonificaciones en compra mayorista) y Sinclair -Arte y Decoraci\u00f3n (10% de descuento, ornamentaci\u00f3n y decoraci\u00f3n de fiestas).<\/p>\n\n\n\n<p>En el <strong>punto 2 y 3<\/strong> referido al tema de subsidios de capacitaci\u00f3n y modificaci\u00f3n de los valores de Alquiler, se aprob\u00f3 actualizar los valores de alquiler del quincho y el Sal\u00f3n de Usos M\u00faltiples (SUM), como as\u00ed tambi\u00e9n los valores de subsidio de capacitaci\u00f3n, de vi\u00e1ticos y de noches en Hoteles para Asociados del interior. <\/p>\n\n\n\n<figure class=\"wp-block-embed-wordpress wp-block-embed is-type-wp-embed is-provider-colegio-de-magistrados-y-funcionarios-del-poder-judicial-de-corrientes\"><div class=\"wp-block-embed__wrapper\">\n<blockquote class=\"wp-embedded-content\" data-secret=\"tfMIdsALBf\"><a href=\"https:\/\/magistradoscorrientes.com\/magistrados\/actualizacion-de-costos-de-alquiler-del-quincho-y-sum-y-otros-subsidios\/\">Actualizaci\u00f3n de valores de alquiler del quincho, SUM y otros subsidios<\/a><\/blockquote><iframe class=\"wp-embedded-content\" sandbox=\"allow-scripts\" security=\"restricted\" style=\"position: absolute; clip: rect(1px, 1px, 1px, 1px);\" title=\"\u00abActualizaci\u00f3n de valores de alquiler del quincho, SUM y otros subsidios\u00bb \u2014 Colegio de Magistrados y Funcionarios del Poder Judicial de Corrientes\" src=\"https:\/\/magistradoscorrientes.com\/magistrados\/actualizacion-de-costos-de-alquiler-del-quincho-y-sum-y-otros-subsidios\/embed\/#?secret=tfMIdsALBf\" data-secret=\"tfMIdsALBf\" width=\"600\" height=\"338\" frameborder=\"0\" marginwidth=\"0\" marginheight=\"0\" scrolling=\"no\"><\/iframe>\n<\/div><\/figure>\n\n\n\n<p>Concluyendo el encuentro, y referido al <strong>punto N \u00ba 5 <\/strong>se informaron las altas y bajas de Asociados.<\/p>\n","protected":false},"excerpt":{"rendered":"<p>El martes 27 de febrero se llev\u00f3 a cabo la primera reuni\u00f3n de Comisi\u00f3n Directiva del Colegio de Magistrados y Funcionarios del Poder Judicial correspondiente al a\u00f1o 2024, fue sede institucional y de modo virtual para una mejor participaci\u00f3n de Asociados del interior. Dando tratamiento a las cuestiones del orden del d\u00eda e iniciando el Informe de Presidencia, el Dr [&hellip;]<\/p>\n","protected":false},"author":2,"featured_media":9714,"comment_status":"closed","ping_status":"open","sticky":false,"template":"","format":"standard","meta":{"ngg_post_thumbnail":0},"categories":[13],"tags":[],"_links":{"self":[{"href":"https:\/\/magistradoscorrientes.com\/magistrados\/wp-json\/wp\/v2\/posts\/9739"}],"collection":[{"href":"https:\/\/magistradoscorrientes.com\/magistrados\/wp-json\/wp\/v2\/posts"}],"about":[{"href":"https:\/\/magistradoscorrientes.com\/magistrados\/wp-json\/wp\/v2\/types\/post"}],"author":[{"embeddable":true,"href":"https:\/\/magistradoscorrientes.com\/magistrados\/wp-json\/wp\/v2\/users\/2"}],"replies":[{"embeddable":true,"href":"https:\/\/magistradoscorrientes.com\/magistrados\/wp-json\/wp\/v2\/comments?post=9739"}],"version-history":[{"count":1,"href":"https:\/\/magistradoscorrientes.com\/magistrados\/wp-json\/wp\/v2\/posts\/9739\/revisions"}],"predecessor-version":[{"id":9740,"href":"https:\/\/magistradoscorrientes.com\/magistrados\/wp-json\/wp\/v2\/posts\/9739\/revisions\/9740"}],"wp:featuredmedia":[{"embeddable":true,"href":"https:\/\/magistradoscorrientes.com\/magistrados\/wp-json\/wp\/v2\/media\/9714"}],"wp:attachment":[{"href":"https:\/\/magistradoscorrientes.com\/magistrados\/wp-json\/wp\/v2\/media?parent=9739"}],"wp:term":[{"taxonomy":"category","embeddable":true,"href":"https:\/\/magistradoscorrientes.com\/magistrados\/wp-json\/wp\/v2\/categories?post=9739"},{"taxonomy":"post_tag","embeddable":true,"href":"https:\/\/magistradoscorrientes.com\/magistrados\/wp-json\/wp\/v2\/tags?post=9739"}],"curies":[{"name":"wp","href":"https:\/\/api.w.org\/{rel}","templated":true}]}}